{"id":1080,"date":"2017-01-15T15:19:00","date_gmt":"2017-01-15T18:19:00","guid":{"rendered":"http:\/\/blog.fcamara.com.br\/?p=1080"},"modified":"2022-12-05T11:21:21","modified_gmt":"2022-12-05T14:21:21","slug":"5-tendencias-de-tecnologia-para-o-varejo-acompanhar","status":"publish","type":"post","link":"https:\/\/fcamara.com\/blog\/5-tendencias-de-tecnologia-para-o-varejo-acompanhar\/","title":{"rendered":"5 tend\u00eancias de tecnologia que o varejo precisa acompanhar"},"content":{"rendered":"<p>Seja na vida pessoal ou no ambiente de trabalho, a tecnologia est\u00e1 presente de maneira constante e recorrente. Ela existe para facilitar a comunica\u00e7\u00e3o e tornar atividades mais \u00e1geis e produtivas em um mundo cada vez mais r\u00e1pido e conectado. Por isso, empresas devem acompanhar as tend\u00eancias de tecnologia do mercado para se manterem competitivas.<\/p>\n<p>Com o varejo e, principalmente, o e-commerce, n\u00e3o \u00e9 diferente. Diversas inova\u00e7\u00f5es e programas j\u00e1 dispon\u00edveis para companhias favorecem boas pr\u00e1ticas de neg\u00f3cio e transformam para melhor a rotina de trabalho e a atra\u00e7\u00e3o do consumidor.<\/p>\n<p>Confira no post que separamos para voc\u00ea 5 tend\u00eancias de tecnologia do varejo para ficar de olho!<\/p>\n<h2>Internet das Coisas<\/h2>\n<p>Os objetos come\u00e7am a se conectar \u00e0 internet assim como as pessoas. Com a <a href=\"https:\/\/blog.fcamara.com.br\/\/como-a-internet-das-coisas-esta-reinventando-o-setor-de-varejo-3\/?utm_source=blog&amp;utm_campaign=rc_blogpost\"><u>Internet das Coisas<\/u><\/a> (ou IoT, para Internet of Things, em ingl\u00eas) eletrodom\u00e9sticos, carros e acess\u00f3rios criam uma identidade na rede e podem, com isso, se comunicar e transmitir uma s\u00e9rie de informa\u00e7\u00f5es sobre seu estado.<\/p>\n<p>Com esse oceano gigantesco de dados, provenientes dos mais distintos dispositivos que usamos em nosso cotidiano, surgem in\u00fameras oportunidades para empresas. Dados produzidos a partir da intera\u00e7\u00e3o pessoa-objeto podem ajudar a elaborar e at\u00e9 <a href=\"https:\/\/blog.fcamara.com.br\/\/dicas-para-criacao-de-estrategias-de-venda-com-big-data\/?utm_source=blog&amp;utm_campaign=rc_blogpost\"><u>prever o comportamento de clientes<\/u><\/a>, colaborando para o planejamento estrat\u00e9gico da organiza\u00e7\u00e3o.<\/p>\n<h2>Mobilidade Data Driven<\/h2>\n<p>Assim como na IoT, o com\u00e9rcio para dispositivos m\u00f3veis tamb\u00e9m ir\u00e1 se basear cada vez mais na coleta e cruzamento de dados para entregar experi\u00eancias mais customizadas para os consumidores. Com isso, a <a href=\"https:\/\/blog.fcamara.com.br\/\/por-que-empresas-de-varejo-devem-investir-em-mobilidade\/?utm_source=blog&amp;utm_campaign=rc_blogpost\"><u>onda de pagamentos m\u00f3veis<\/u><\/a> tende a crescer, tornando o m-commerce um ambiente muito favor\u00e1vel para as vendas.<\/p>\n<p>A presen\u00e7a maci\u00e7a de aplicativos, de linguagem facilitada e de uso mais intuitivo, corrobora essa tend\u00eancia. Desenvolver um app dedicado para sua empresa pode ser um grande diferencial no mercado, dando mais visibilidade \u00e0 sua marca.<\/p>\n<h2>Integra\u00e7\u00e3o de plataformas<\/h2>\n<p>As pessoas se conectam \u00e0 internet e interagem entre si hoje por meio de smartphones, tablets, computadores, TVs e at\u00e9 videogames. Com essa profus\u00e3o de diferentes plataformas em constante conversa, nada mais produtivo do que integr\u00e1-las e tornar a comunica\u00e7\u00e3o mais f\u00e1cil.<\/p>\n<p>A mistura entre apps, redes sociais e o e-commerce \u00e9 um prato cheio para que varejistas se aproveitem desse espa\u00e7o t\u00e3o familiar ao consumidor para aumentarem sua visibilidade e at\u00e9 fidelizarem clientes.<\/p>\n<h2>Realidade virtual<\/h2>\n<p>J\u00e1 pensou poder testar um produto em realidade aumentada antes de compr\u00e1-lo ou visitar remotamente uma loja ou supermercado de sua prefer\u00eancia? Com certeza essas cenas parecem ter sa\u00eddo de algum filme de fic\u00e7\u00e3o cient\u00edfica, mas que, na verdade, j\u00e1 est\u00e3o muito pr\u00f3ximas da realidade.<\/p>\n<p>Dezenas de dispositivos de Realidade Virtual (RV) est\u00e3o com lan\u00e7amentos aguardados para os pr\u00f3ximos anos. Para o varejo, isso significa a possibilidade de oferecer experi\u00eancias de consumo mais envolventes para as pessoas e a oportunidade de lan\u00e7ar campanhas de promo\u00e7\u00e3o de marca muito mais interessantes.<\/p>\n<h2>Tecnologia Beacon<\/h2>\n<p>Essa \u00e9 uma das tend\u00eancias mais vantajosas para o varejo. Ao instalar a tecnologia Beacon em sua loja f\u00edsica, voc\u00ea consegue medir o fluxo de movimenta\u00e7\u00e3o de clientes dentro de seu espa\u00e7o. Com isso, tem-se informa\u00e7\u00f5es a respeito de quais lugares as pessoas permanecem mais e por quanto tempo.<\/p>\n<p>As vantagens de ter esse controle s\u00e3o muitos. \u00c9 poss\u00edvel direcionar propagandas com base no hist\u00f3rico de interesse de cada cliente e oferecer promo\u00e7\u00f5es com mais significado. Al\u00e9m disso, facilita as estrat\u00e9gias de marketing, pois, ao saber como as pessoas se movimentam na loja, fica mais simples definir locais para campanhas e redesenhar o layout do estabelecimento.<\/p>\n<p>De fato, o varejo tem muito a ganhar com o avan\u00e7o da tecnologia e da alta conectividade do mundo contempor\u00e2neo. Empres\u00e1rios e empreendedores t\u00eam que estar sempre atentos \u00e0s novidades para poderem se destacar no mercado e vencer a concorr\u00eancia.<\/p>\n<p>Quer ficar por dentro de todas as tend\u00eancias de tecnologia para o varejo e sobre outros fascinantes assuntos de inova\u00e7\u00e3o e solu\u00e7\u00f5es de neg\u00f3cios? Ent\u00e3o, n\u00e3o deixe de curtir nossa p\u00e1gina no Facebook e nos seguir no <a href=\"https:\/\/twitter.com\/FCamara_?utm_source=blog&amp;utm_campaign=rc_blogpost\"><u>Twitter<\/u><\/a>!<\/p>\n","protected":false},"excerpt":{"rendered":"<p>Seja na vida pessoal ou no ambiente de trabalho, a tecnologia est\u00e1 presente de maneira constante e recorrente. Ela existe para facilitar a comunica\u00e7\u00e3o e tornar atividades mais \u00e1geis e produtivas em um mundo cada vez mais r\u00e1pido e conectado. Por isso, empresas devem acompanhar as tend\u00eancias de tecnologia do mercado para se manterem competitivas.&hellip;<\/p>\n","protected":false},"author":2,"featured_media":1082,"comment_status":"open","ping_status":"open","sticky":false,"template":"","format":"standard","meta":{"footnotes":""},"categories":[349],"tags":[],"post_series":[],"class_list":["post-1080","post","type-post","status-publish","format-standard","has-post-thumbnail","hentry","category-varejo","entry","has-media"],"yoast_head":"<!-- This site is optimized with the Yoast SEO plugin v27.2 - https:\/\/yoast.com\/product\/yoast-seo-wordpress\/ -->\n<title>5 tend\u00eancias de tecnologia para o varejo acompanhar - FCamara<\/title>\n<meta name=\"description\" content=\"A tecnologia j\u00e1 \u00e9 uma realidade de qualquer mercado, e isso n\u00e3o \u00e9 diferente para o varejo. Conhe\u00e7a agora as ted\u00eancias de tecnologia para o varejo.\" \/>\n<meta name=\"robots\" content=\"index, follow, max-snippet:-1, max-image-preview:large, max-video-preview:-1\" \/>\n<link rel=\"canonical\" href=\"https:\/\/fcamara.com\/blog\/5-tendencias-de-tecnologia-para-o-varejo-acompanhar\/\" \/>\n<meta property=\"og:locale\" content=\"pt_BR\" \/>\n<meta property=\"og:type\" content=\"article\" \/>\n<meta property=\"og:title\" content=\"5 tend\u00eancias de tecnologia para o varejo acompanhar - FCamara\" \/>\n<meta property=\"og:description\" content=\"A tecnologia j\u00e1 \u00e9 uma realidade de qualquer mercado, e isso n\u00e3o \u00e9 diferente para o varejo. Conhe\u00e7a agora as ted\u00eancias de tecnologia para o varejo.\" \/>\n<meta property=\"og:url\" content=\"https:\/\/fcamara.com\/blog\/5-tendencias-de-tecnologia-para-o-varejo-acompanhar\/\" \/>\n<meta property=\"og:site_name\" content=\"Blog da FCamara\" \/>\n<meta property=\"article:published_time\" content=\"2017-01-15T18:19:00+00:00\" \/>\n<meta property=\"article:modified_time\" content=\"2022-12-05T14:21:21+00:00\" \/>\n<meta property=\"og:image\" content=\"https:\/\/fcamara.com\/blog\/wp-content\/uploads\/2017\/01\/5-tendencias-de-tecnologia-que-o-varejo-precisa-acompanhar.jpeg\" \/>\n\t<meta property=\"og:image:width\" content=\"1024\" \/>\n\t<meta property=\"og:image:height\" content=\"513\" \/>\n\t<meta property=\"og:image:type\" content=\"image\/jpeg\" \/>\n<meta name=\"author\" content=\"FCamara\" \/>\n<meta name=\"twitter:card\" content=\"summary_large_image\" \/>\n<meta name=\"twitter:label1\" content=\"Escrito por\" \/>\n\t<meta name=\"twitter:data1\" content=\"FCamara\" \/>\n\t<meta name=\"twitter:label2\" content=\"Est. tempo de leitura\" \/>\n\t<meta name=\"twitter:data2\" content=\"4 minutos\" \/>\n<script type=\"application\/ld+json\" class=\"yoast-schema-graph\">{\"@context\":\"https:\/\/schema.org\",\"@graph\":[{\"@type\":\"Article\",\"@id\":\"https:\/\/fcamara.com\/blog\/5-tendencias-de-tecnologia-para-o-varejo-acompanhar\/#article\",\"isPartOf\":{\"@id\":\"https:\/\/fcamara.com\/blog\/5-tendencias-de-tecnologia-para-o-varejo-acompanhar\/\"},\"author\":{\"name\":\"FCamara\",\"@id\":\"https:\/\/fcamara.com\/blog\/#\/schema\/person\/31fd30b4025f857a93de804f3d73851a\"},\"headline\":\"5 tend\u00eancias de tecnologia que o varejo precisa acompanhar\",\"datePublished\":\"2017-01-15T18:19:00+00:00\",\"dateModified\":\"2022-12-05T14:21:21+00:00\",\"mainEntityOfPage\":{\"@id\":\"https:\/\/fcamara.com\/blog\/5-tendencias-de-tecnologia-para-o-varejo-acompanhar\/\"},\"wordCount\":723,\"commentCount\":0,\"publisher\":{\"@id\":\"https:\/\/fcamara.com\/blog\/#organization\"},\"image\":{\"@id\":\"https:\/\/fcamara.com\/blog\/5-tendencias-de-tecnologia-para-o-varejo-acompanhar\/#primaryimage\"},\"thumbnailUrl\":\"https:\/\/fcamara.com\/blog\/wp-content\/uploads\/2017\/01\/5-tendencias-de-tecnologia-que-o-varejo-precisa-acompanhar.jpeg\",\"articleSection\":[\"Varejo\"],\"inLanguage\":\"pt-BR\",\"potentialAction\":[{\"@type\":\"CommentAction\",\"name\":\"Comment\",\"target\":[\"https:\/\/fcamara.com\/blog\/5-tendencias-de-tecnologia-para-o-varejo-acompanhar\/#respond\"]}]},{\"@type\":\"WebPage\",\"@id\":\"https:\/\/fcamara.com\/blog\/5-tendencias-de-tecnologia-para-o-varejo-acompanhar\/\",\"url\":\"https:\/\/fcamara.com\/blog\/5-tendencias-de-tecnologia-para-o-varejo-acompanhar\/\",\"name\":\"5 tend\u00eancias de tecnologia para o varejo acompanhar - FCamara\",\"isPartOf\":{\"@id\":\"https:\/\/fcamara.com\/blog\/#website\"},\"primaryImageOfPage\":{\"@id\":\"https:\/\/fcamara.com\/blog\/5-tendencias-de-tecnologia-para-o-varejo-acompanhar\/#primaryimage\"},\"image\":{\"@id\":\"https:\/\/fcamara.com\/blog\/5-tendencias-de-tecnologia-para-o-varejo-acompanhar\/#primaryimage\"},\"thumbnailUrl\":\"https:\/\/fcamara.com\/blog\/wp-content\/uploads\/2017\/01\/5-tendencias-de-tecnologia-que-o-varejo-precisa-acompanhar.jpeg\",\"datePublished\":\"2017-01-15T18:19:00+00:00\",\"dateModified\":\"2022-12-05T14:21:21+00:00\",\"description\":\"A tecnologia j\u00e1 \u00e9 uma realidade de qualquer mercado, e isso n\u00e3o \u00e9 diferente para o varejo. Conhe\u00e7a agora as ted\u00eancias de tecnologia para o varejo.\",\"breadcrumb\":{\"@id\":\"https:\/\/fcamara.com\/blog\/5-tendencias-de-tecnologia-para-o-varejo-acompanhar\/#breadcrumb\"},\"inLanguage\":\"pt-BR\",\"potentialAction\":[{\"@type\":\"ReadAction\",\"target\":[\"https:\/\/fcamara.com\/blog\/5-tendencias-de-tecnologia-para-o-varejo-acompanhar\/\"]}]},{\"@type\":\"ImageObject\",\"inLanguage\":\"pt-BR\",\"@id\":\"https:\/\/fcamara.com\/blog\/5-tendencias-de-tecnologia-para-o-varejo-acompanhar\/#primaryimage\",\"url\":\"https:\/\/fcamara.com\/blog\/wp-content\/uploads\/2017\/01\/5-tendencias-de-tecnologia-que-o-varejo-precisa-acompanhar.jpeg\",\"contentUrl\":\"https:\/\/fcamara.com\/blog\/wp-content\/uploads\/2017\/01\/5-tendencias-de-tecnologia-que-o-varejo-precisa-acompanhar.jpeg\",\"width\":1024,\"height\":513},{\"@type\":\"BreadcrumbList\",\"@id\":\"https:\/\/fcamara.com\/blog\/5-tendencias-de-tecnologia-para-o-varejo-acompanhar\/#breadcrumb\",\"itemListElement\":[{\"@type\":\"ListItem\",\"position\":1,\"name\":\"In\u00edcio\",\"item\":\"https:\/\/fcamara.com\/blog\/\"},{\"@type\":\"ListItem\",\"position\":2,\"name\":\"Varejo\",\"item\":\"https:\/\/fcamara.com\/blog\/categoria\/varejo\/\"},{\"@type\":\"ListItem\",\"position\":3,\"name\":\"5 tend\u00eancias de tecnologia que o varejo precisa acompanhar\"}]},{\"@type\":\"WebSite\",\"@id\":\"https:\/\/fcamara.com\/blog\/#website\",\"url\":\"https:\/\/fcamara.com\/blog\/\",\"name\":\"Blog da FCamara\",\"description\":\"Esta \u00e9 a \u00e1rea de insights sobre o mercado de tecnologia.\",\"publisher\":{\"@id\":\"https:\/\/fcamara.com\/blog\/#organization\"},\"potentialAction\":[{\"@type\":\"SearchAction\",\"target\":{\"@type\":\"EntryPoint\",\"urlTemplate\":\"https:\/\/fcamara.com\/blog\/?s={search_term_string}\"},\"query-input\":{\"@type\":\"PropertyValueSpecification\",\"valueRequired\":true,\"valueName\":\"search_term_string\"}}],\"inLanguage\":\"pt-BR\"},{\"@type\":\"Organization\",\"@id\":\"https:\/\/fcamara.com\/blog\/#organization\",\"name\":\"Blog da FCamara\",\"url\":\"https:\/\/fcamara.com\/blog\/\",\"logo\":{\"@type\":\"ImageObject\",\"inLanguage\":\"pt-BR\",\"@id\":\"https:\/\/fcamara.com\/blog\/#\/schema\/logo\/image\/\",\"url\":\"https:\/\/fcamara.com\/blog\/wp-content\/uploads\/2024\/07\/FCamara-Blog-laranja.webp\",\"contentUrl\":\"https:\/\/fcamara.com\/blog\/wp-content\/uploads\/2024\/07\/FCamara-Blog-laranja.webp\",\"width\":459,\"height\":68,\"caption\":\"Blog da FCamara\"},\"image\":{\"@id\":\"https:\/\/fcamara.com\/blog\/#\/schema\/logo\/image\/\"}},{\"@type\":\"Person\",\"@id\":\"https:\/\/fcamara.com\/blog\/#\/schema\/person\/31fd30b4025f857a93de804f3d73851a\",\"name\":\"FCamara\",\"image\":{\"@type\":\"ImageObject\",\"inLanguage\":\"pt-BR\",\"@id\":\"https:\/\/secure.gravatar.com\/avatar\/a5d9fbf0e0a80749615937585a2bf0463473729433b0db26ec6eabac55ae3d20?s=96&d=mm&r=g\",\"url\":\"https:\/\/secure.gravatar.com\/avatar\/a5d9fbf0e0a80749615937585a2bf0463473729433b0db26ec6eabac55ae3d20?s=96&d=mm&r=g\",\"contentUrl\":\"https:\/\/secure.gravatar.com\/avatar\/a5d9fbf0e0a80749615937585a2bf0463473729433b0db26ec6eabac55ae3d20?s=96&d=mm&r=g\",\"caption\":\"FCamara\"},\"sameAs\":[\"https:\/\/fcamara.com\/\",\"https:\/\/www.instagram.com\/grupo.fcamara\/\",\"https:\/\/www.linkedin.com\/company\/grupofcamara\/\"],\"url\":\"https:\/\/fcamara.com\/blog\/author\/fcamara\/\"}]}<\/script>\n<!-- \/ Yoast SEO plugin. -->","yoast_head_json":{"title":"5 tend\u00eancias de tecnologia para o varejo acompanhar - FCamara","description":"A tecnologia j\u00e1 \u00e9 uma realidade de qualquer mercado, e isso n\u00e3o \u00e9 diferente para o varejo. Conhe\u00e7a agora as ted\u00eancias de tecnologia para o varejo.","robots":{"index":"index","follow":"follow","max-snippet":"max-snippet:-1","max-image-preview":"max-image-preview:large","max-video-preview":"max-video-preview:-1"},"canonical":"https:\/\/fcamara.com\/blog\/5-tendencias-de-tecnologia-para-o-varejo-acompanhar\/","og_locale":"pt_BR","og_type":"article","og_title":"5 tend\u00eancias de tecnologia para o varejo acompanhar - FCamara","og_description":"A tecnologia j\u00e1 \u00e9 uma realidade de qualquer mercado, e isso n\u00e3o \u00e9 diferente para o varejo. Conhe\u00e7a agora as ted\u00eancias de tecnologia para o varejo.","og_url":"https:\/\/fcamara.com\/blog\/5-tendencias-de-tecnologia-para-o-varejo-acompanhar\/","og_site_name":"Blog da FCamara","article_published_time":"2017-01-15T18:19:00+00:00","article_modified_time":"2022-12-05T14:21:21+00:00","og_image":[{"width":1024,"height":513,"url":"https:\/\/fcamara.com\/blog\/wp-content\/uploads\/2017\/01\/5-tendencias-de-tecnologia-que-o-varejo-precisa-acompanhar.jpeg","type":"image\/jpeg"}],"author":"FCamara","twitter_card":"summary_large_image","twitter_misc":{"Escrito por":"FCamara","Est. tempo de leitura":"4 minutos"},"schema":{"@context":"https:\/\/schema.org","@graph":[{"@type":"Article","@id":"https:\/\/fcamara.com\/blog\/5-tendencias-de-tecnologia-para-o-varejo-acompanhar\/#article","isPartOf":{"@id":"https:\/\/fcamara.com\/blog\/5-tendencias-de-tecnologia-para-o-varejo-acompanhar\/"},"author":{"name":"FCamara","@id":"https:\/\/fcamara.com\/blog\/#\/schema\/person\/31fd30b4025f857a93de804f3d73851a"},"headline":"5 tend\u00eancias de tecnologia que o varejo precisa acompanhar","datePublished":"2017-01-15T18:19:00+00:00","dateModified":"2022-12-05T14:21:21+00:00","mainEntityOfPage":{"@id":"https:\/\/fcamara.com\/blog\/5-tendencias-de-tecnologia-para-o-varejo-acompanhar\/"},"wordCount":723,"commentCount":0,"publisher":{"@id":"https:\/\/fcamara.com\/blog\/#organization"},"image":{"@id":"https:\/\/fcamara.com\/blog\/5-tendencias-de-tecnologia-para-o-varejo-acompanhar\/#primaryimage"},"thumbnailUrl":"https:\/\/fcamara.com\/blog\/wp-content\/uploads\/2017\/01\/5-tendencias-de-tecnologia-que-o-varejo-precisa-acompanhar.jpeg","articleSection":["Varejo"],"inLanguage":"pt-BR","potentialAction":[{"@type":"CommentAction","name":"Comment","target":["https:\/\/fcamara.com\/blog\/5-tendencias-de-tecnologia-para-o-varejo-acompanhar\/#respond"]}]},{"@type":"WebPage","@id":"https:\/\/fcamara.com\/blog\/5-tendencias-de-tecnologia-para-o-varejo-acompanhar\/","url":"https:\/\/fcamara.com\/blog\/5-tendencias-de-tecnologia-para-o-varejo-acompanhar\/","name":"5 tend\u00eancias de tecnologia para o varejo acompanhar - FCamara","isPartOf":{"@id":"https:\/\/fcamara.com\/blog\/#website"},"primaryImageOfPage":{"@id":"https:\/\/fcamara.com\/blog\/5-tendencias-de-tecnologia-para-o-varejo-acompanhar\/#primaryimage"},"image":{"@id":"https:\/\/fcamara.com\/blog\/5-tendencias-de-tecnologia-para-o-varejo-acompanhar\/#primaryimage"},"thumbnailUrl":"https:\/\/fcamara.com\/blog\/wp-content\/uploads\/2017\/01\/5-tendencias-de-tecnologia-que-o-varejo-precisa-acompanhar.jpeg","datePublished":"2017-01-15T18:19:00+00:00","dateModified":"2022-12-05T14:21:21+00:00","description":"A tecnologia j\u00e1 \u00e9 uma realidade de qualquer mercado, e isso n\u00e3o \u00e9 diferente para o varejo. Conhe\u00e7a agora as ted\u00eancias de tecnologia para o varejo.","breadcrumb":{"@id":"https:\/\/fcamara.com\/blog\/5-tendencias-de-tecnologia-para-o-varejo-acompanhar\/#breadcrumb"},"inLanguage":"pt-BR","potentialAction":[{"@type":"ReadAction","target":["https:\/\/fcamara.com\/blog\/5-tendencias-de-tecnologia-para-o-varejo-acompanhar\/"]}]},{"@type":"ImageObject","inLanguage":"pt-BR","@id":"https:\/\/fcamara.com\/blog\/5-tendencias-de-tecnologia-para-o-varejo-acompanhar\/#primaryimage","url":"https:\/\/fcamara.com\/blog\/wp-content\/uploads\/2017\/01\/5-tendencias-de-tecnologia-que-o-varejo-precisa-acompanhar.jpeg","contentUrl":"https:\/\/fcamara.com\/blog\/wp-content\/uploads\/2017\/01\/5-tendencias-de-tecnologia-que-o-varejo-precisa-acompanhar.jpeg","width":1024,"height":513},{"@type":"BreadcrumbList","@id":"https:\/\/fcamara.com\/blog\/5-tendencias-de-tecnologia-para-o-varejo-acompanhar\/#breadcrumb","itemListElement":[{"@type":"ListItem","position":1,"name":"In\u00edcio","item":"https:\/\/fcamara.com\/blog\/"},{"@type":"ListItem","position":2,"name":"Varejo","item":"https:\/\/fcamara.com\/blog\/categoria\/varejo\/"},{"@type":"ListItem","position":3,"name":"5 tend\u00eancias de tecnologia que o varejo precisa acompanhar"}]},{"@type":"WebSite","@id":"https:\/\/fcamara.com\/blog\/#website","url":"https:\/\/fcamara.com\/blog\/","name":"Blog da FCamara","description":"Esta \u00e9 a \u00e1rea de insights sobre o mercado de tecnologia.","publisher":{"@id":"https:\/\/fcamara.com\/blog\/#organization"},"potentialAction":[{"@type":"SearchAction","target":{"@type":"EntryPoint","urlTemplate":"https:\/\/fcamara.com\/blog\/?s={search_term_string}"},"query-input":{"@type":"PropertyValueSpecification","valueRequired":true,"valueName":"search_term_string"}}],"inLanguage":"pt-BR"},{"@type":"Organization","@id":"https:\/\/fcamara.com\/blog\/#organization","name":"Blog da FCamara","url":"https:\/\/fcamara.com\/blog\/","logo":{"@type":"ImageObject","inLanguage":"pt-BR","@id":"https:\/\/fcamara.com\/blog\/#\/schema\/logo\/image\/","url":"https:\/\/fcamara.com\/blog\/wp-content\/uploads\/2024\/07\/FCamara-Blog-laranja.webp","contentUrl":"https:\/\/fcamara.com\/blog\/wp-content\/uploads\/2024\/07\/FCamara-Blog-laranja.webp","width":459,"height":68,"caption":"Blog da FCamara"},"image":{"@id":"https:\/\/fcamara.com\/blog\/#\/schema\/logo\/image\/"}},{"@type":"Person","@id":"https:\/\/fcamara.com\/blog\/#\/schema\/person\/31fd30b4025f857a93de804f3d73851a","name":"FCamara","image":{"@type":"ImageObject","inLanguage":"pt-BR","@id":"https:\/\/secure.gravatar.com\/avatar\/a5d9fbf0e0a80749615937585a2bf0463473729433b0db26ec6eabac55ae3d20?s=96&d=mm&r=g","url":"https:\/\/secure.gravatar.com\/avatar\/a5d9fbf0e0a80749615937585a2bf0463473729433b0db26ec6eabac55ae3d20?s=96&d=mm&r=g","contentUrl":"https:\/\/secure.gravatar.com\/avatar\/a5d9fbf0e0a80749615937585a2bf0463473729433b0db26ec6eabac55ae3d20?s=96&d=mm&r=g","caption":"FCamara"},"sameAs":["https:\/\/fcamara.com\/","https:\/\/www.instagram.com\/grupo.fcamara\/","https:\/\/www.linkedin.com\/company\/grupofcamara\/"],"url":"https:\/\/fcamara.com\/blog\/author\/fcamara\/"}]}},"lang":"br","translations":{"br":1080},"pll_sync_post":[],"_links":{"self":[{"href":"https:\/\/fcamara.com\/blog\/wp-json\/wp\/v2\/posts\/1080","targetHints":{"allow":["GET"]}}],"collection":[{"href":"https:\/\/fcamara.com\/blog\/wp-json\/wp\/v2\/posts"}],"about":[{"href":"https:\/\/fcamara.com\/blog\/wp-json\/wp\/v2\/types\/post"}],"author":[{"embeddable":true,"href":"https:\/\/fcamara.com\/blog\/wp-json\/wp\/v2\/users\/2"}],"replies":[{"embeddable":true,"href":"https:\/\/fcamara.com\/blog\/wp-json\/wp\/v2\/comments?post=1080"}],"version-history":[{"count":1,"href":"https:\/\/fcamara.com\/blog\/wp-json\/wp\/v2\/posts\/1080\/revisions"}],"predecessor-version":[{"id":5905,"href":"https:\/\/fcamara.com\/blog\/wp-json\/wp\/v2\/posts\/1080\/revisions\/5905"}],"wp:featuredmedia":[{"embeddable":true,"href":"https:\/\/fcamara.com\/blog\/wp-json\/wp\/v2\/media\/1082"}],"wp:attachment":[{"href":"https:\/\/fcamara.com\/blog\/wp-json\/wp\/v2\/media?parent=1080"}],"wp:term":[{"taxonomy":"category","embeddable":true,"href":"https:\/\/fcamara.com\/blog\/wp-json\/wp\/v2\/categories?post=1080"},{"taxonomy":"post_tag","embeddable":true,"href":"https:\/\/fcamara.com\/blog\/wp-json\/wp\/v2\/tags?post=1080"},{"taxonomy":"post_series","embeddable":true,"href":"https:\/\/fcamara.com\/blog\/wp-json\/wp\/v2\/post_series?post=1080"}],"curies":[{"name":"wp","href":"https:\/\/api.w.org\/{rel}","templated":true}]}}