{"id":1316,"date":"2021-11-16T15:25:34","date_gmt":"2021-11-16T18:25:34","guid":{"rendered":"https:\/\/fcnuvem.com.br\/home\/?p=1316"},"modified":"2022-12-05T11:58:07","modified_gmt":"2022-12-05T14:58:07","slug":"blog-elaborando-um-plano-para-a-recuperacao-de-desastres-parte-3","status":"publish","type":"post","link":"https:\/\/fcamara.com\/blog\/blog-elaborando-um-plano-para-a-recuperacao-de-desastres-parte-3\/","title":{"rendered":"Parte 3 &#8211; Elaborando um Plano para a Recupera\u00e7\u00e3o de Desastres"},"content":{"rendered":"\n<figure class=\"wp-block-image size-full\"><img loading=\"lazy\" decoding=\"async\" width=\"730\" height=\"205\" src=\"https:\/\/fcamara.com\/blog\/wp-content\/uploads\/2021\/11\/Blog-730x205-FCnuvem-PlanoRec-2.png\" alt=\"\" class=\"wp-image-1334\" srcset=\"https:\/\/fcamara.com\/blog\/wp-content\/uploads\/2021\/11\/Blog-730x205-FCnuvem-PlanoRec-2.png 730w, https:\/\/fcamara.com\/blog\/wp-content\/uploads\/2021\/11\/Blog-730x205-FCnuvem-PlanoRec-2-300x84.png 300w\" sizes=\"auto, (max-width: 730px) 100vw, 730px\" \/><\/figure>\n\n\n\n<p><sub><strong>Autor:<\/strong>&nbsp;Igor Humberto Monte Marques<\/sub><\/p>\n\n\n\n<p>Na segunda parte desse&nbsp;artigo, voc\u00ea aprendeu como fazer para proteger os seus dados usando o Microsoft Azure&nbsp;Disaster&nbsp;Recovery Services,&nbsp;ais precisamente, voc\u00ea aprendeu como os recursos nativos do pr\u00f3prio sistema operacional poderiam ser usados para melhorar a sua estrat\u00e9gia de prote\u00e7\u00e3o, e como combinar isso com recursos de nuvem oferecidos&nbsp;pela Microsoft atrav\u00e9s do Azure, nesse artigo&nbsp;voc\u00ea ir\u00e1 aprender como garantir a continuidade dos neg\u00f3cios, n\u00e3o com a recupera\u00e7\u00e3o dos dados, mas com a garantia de funcionamento das m\u00e1quinas virtuais.&nbsp;<\/p>\n\n\n\n<p><strong>Conhecendo o Azure Site Recovery<\/strong>&nbsp;<\/p>\n\n\n\n<p>Considerando a continuidade dos neg\u00f3cios, muitas vezes o que importa n\u00e3o \u00e9 somente a recupera\u00e7\u00e3o dos arquivos quando algum problema acontece, mas&nbsp;dependendo&nbsp;do&nbsp;tipo de neg\u00f3cio da empresa&nbsp;n\u00e3o&nbsp;deixar que os servi\u00e7os fiquem indispon\u00edveis por muito tempo&nbsp;tamb\u00e9m pode ser uma preocupa\u00e7\u00e3o, por exemplo, imagine que a empresa em que voc\u00ea trabalhe ofere\u00e7a algum tipo de servi\u00e7o online atrav\u00e9s de um site web&nbsp;e\/ou aplica\u00e7\u00e3o m\u00f3vel.&nbsp;<\/p>\n\n\n\n<p>Se os servidores necess\u00e1rios para manter estes servi\u00e7os no ar ca\u00edrem por&nbsp;quaisquer motivos que sejam, esses servi\u00e7os sair\u00e3o do ar e dessa forma&nbsp;o tempo de restaura\u00e7\u00e3o do servi\u00e7o impactar\u00e1&nbsp;negativamente&nbsp;no tempo de indisponibilidade dos servi\u00e7os online.&nbsp;<\/p>\n\n\n\n<p>Nesses casos, seria interessante que fosse poss\u00edvel alternar o servi\u00e7o para um ambiente de conting\u00eancia&nbsp;que pudesse funcionar at\u00e9 que o ambiente&nbsp;principal voltasse a funcionar, essa \u00e9 a proposta do&nbsp;Azure Site Recovery, ou seja, ser um servi\u00e7o&nbsp;de conting\u00eancia que no caso de um incidente&nbsp;possa levantar uma r\u00e9plica dos servi\u00e7os designados, at\u00e9 que o os servi\u00e7os originais sejam reestabelecidos.&nbsp;<\/p>\n\n\n\n<p>Existem, basicamente, dois tipos de servi\u00e7os de&nbsp;recupera\u00e7\u00e3o de sites, s\u00e3o eles:&nbsp;<\/p>\n\n\n\n<ul class=\"wp-block-list\"><li>Site-to-Azure&nbsp;<\/li><li>Site-to-Site&nbsp;<\/li><\/ul>\n\n\n\n<p>No modelo Site-to-Azure, os seus servidores ser\u00e3o replicados para&nbsp;o ambiente do Microsoft Azure e&nbsp;caso algum tipo de indisponibilidade ocorra, voc\u00ea ter\u00e1 a&nbsp;possibilidade de inicializar esse ambiente&nbsp;de forma que a indisponibilidade seja a menor poss\u00edvel, para voc\u00ea ter uma ideia&nbsp;em alguns clientes onde tive a oportunidade de implantar esse tipo de tecnologia, em cerca de 5 minutos, o ambiente j\u00e1 estava totalmente operacional novamente.&nbsp;<\/p>\n\n\n\n<p>Agora, suponha que exista algum tipo de obriga\u00e7\u00e3o legal que a sua empresa precise cumprir que determine que os servidores da empresa n\u00e3o podem funcionar em outro Data&nbsp;Center que&nbsp;n\u00e3o seja o da pr\u00f3pria empresa, em um caso como estes, o Azure pode apoiar sendo o \u201cmotor\u201d para a replica\u00e7\u00e3o do seu ambiente em outro Data Center, essa \u00e9 a&nbsp;proposta do modelo Site-to-Site, o mais interessante \u00e9 que&nbsp;para ter isso tudo funcionando, tanto faz se a sua infraestrutura de virtualiza\u00e7\u00e3o \u00e9 baseada no Microsoft&nbsp;Hyper-V, ou se \u00e9 baseada no&nbsp;Vmware.&nbsp;A m\u00e1gica dessa tecnologia acontece da seguinte forma: No caso de ambiente baseados no&nbsp;Hyper-V, um agente \u00e9 instalado nos hosts de virtualiza\u00e7\u00e3o&nbsp;de forma que voc\u00ea ser\u00e1 capaz de definir quais&nbsp;VMs&nbsp;gostaria de replicar para&nbsp;o ambiente do Microsoft Azure, no caso de uma infraestrutura baseada no&nbsp;Vmware, um servidor, que tamb\u00e9m pode ser uma VM, deve&nbsp;ser configurado no ambiente, esse servidor, denominado&nbsp;Configuration&nbsp;Server, serve como uma ponte entre o ambiente&nbsp;Vmware&nbsp;e o Microsoft Azure, e ele \u00e9 o respons\u00e1vel por garantir a replica\u00e7\u00e3o entre os dois ambientes.&nbsp;<\/p>\n\n\n\n<p>O interessante do processo de replica\u00e7\u00e3o \u00e9 a possibilidade de&nbsp;ter as suas r\u00e9plicas com uma diferen\u00e7a de 15 minutos ou menos&nbsp;do ambiente original, de forma que as r\u00e9plicas ser\u00e3o realmente muito pr\u00f3ximas ao que tem no seu ambiente, muitos administradores pensam nesse ambiente de replica\u00e7\u00e3o como uma forma de backup, nesse&nbsp;caso, esse entendimento est\u00e1 incorreto, porque&nbsp;aquilo que for realizado&nbsp;incorretamente no ambiente de produ\u00e7\u00e3o, seja a exclus\u00e3o de um arquivo&nbsp;ou a edi\u00e7\u00e3o incorreta de algum registro, ser\u00e1 replicada para o ambiente do Azure, ou&nbsp;seja, voc\u00ea deve considerar o Azure Site Recovery como uma tecnologia somente para a&nbsp;replica\u00e7\u00e3o de seus servidores, apesar disso&nbsp;o backup de suas m\u00e1quinas ainda ser\u00e1 necess\u00e1rio.&nbsp;<\/p>\n\n\n\n<p>Voc\u00ea deve&nbsp;ter gostado da tecnologia, mas&nbsp;antes de pensar em colocar em produ\u00e7\u00e3o&nbsp;\u00e9 importante atender \u00e0 alguns requisitos, s\u00e3o eles:&nbsp;<\/p>\n\n\n\n<ol class=\"wp-block-list\"><li>Replicar ambientes executando o&nbsp;Hyper-V e\/ou&nbsp;Vmware, no caso&nbsp;se o ambiente se tornar indispon\u00edvel, voc\u00ea poder\u00e1 iniciar o ambiente no site do Azure sem problemas, o&nbsp;ambiente se tornar\u00e1 dispon\u00edvel novamente e voc\u00ea ter\u00e1 tranquilidade para colocar&nbsp;o ambiente de produ\u00e7\u00e3o no ar, quando os problemas que causaram a indisponibilidade forem resolvidos, voc\u00ea poder\u00e1 sincronizar as m\u00e1quinas do Azure novamente com o ambiente de produ\u00e7\u00e3o, de forma que voc\u00ea&nbsp;tenha o menor impacto poss\u00edvel, inclusive&nbsp;mesmo que as&nbsp;VMs&nbsp;do ambiente de produ\u00e7\u00e3o tenham sido destru\u00eddas, o agente do Microsoft Azure recria as&nbsp;VMs&nbsp;para voc\u00ea.&nbsp;<\/li><\/ol>\n\n\n\n<ol class=\"wp-block-list\" start=\"2\"><li>&nbsp;Replicar servidores&nbsp;Bare&nbsp;Metal, ou seja, servidores f\u00edsicos, apesar disso, caso alguma indisponibilidade aconte\u00e7a&nbsp;e voc\u00ea precise ativar o ambiente do Azure, o processo de replica\u00e7\u00e3o para o ambiente original n\u00e3o ser\u00e1 mais poss\u00edvel, sendo assim, no caso de replica\u00e7\u00e3o de servidores f\u00edsicos, caso algum problema aconte\u00e7a, o processo de replica\u00e7\u00e3o acontecer\u00e1 em uma \u00fanica via&nbsp;e n\u00e3o ser\u00e1 mais poss\u00edvel replicar o ambiente de volta do Azure para o site local.&nbsp;<\/li><\/ol>\n\n\n\n<p>O sistema operacional m\u00ednimo para a replica\u00e7\u00e3o de um sistema \u00e9 o Windows Server 2008 R2, mas tamb\u00e9m \u00e9 poss\u00edvel replicar&nbsp;VMs&nbsp;que estejam executando o Linux,&nbsp;existe uma lista grande de distribui\u00e7\u00f5es, \u00e9 poss\u00edvel que voc\u00ea esteja executando justamente a distribui\u00e7\u00e3o que n\u00e3o \u00e9 compat\u00edvel com o recurso, para evitar esse problema&nbsp;\u00e9 importante consultar o site da Microsoft para saber se a sua distribui\u00e7\u00e3o est\u00e1 na lista de sistemas&nbsp;operacionais suportados, mas se voc\u00ea estiver utilizando uma distribui\u00e7\u00e3o recente&nbsp;a possibilidade&nbsp;de esta&nbsp;estar na lista&nbsp;\u00e9 bem grande.&nbsp;A&nbsp;conex\u00e3o com a Internet \u00e9 muito importante para o processo de replica\u00e7\u00e3o, logo&nbsp;se voc\u00ea n\u00e3o tiver um link com&nbsp;a largura de banda adequada, n\u00e3o ser\u00e1 poss\u00edvel ter um resultado positivo com esse recurso, para evitar problemas&nbsp;como esse,&nbsp;a Microsoft oferece uma ferramenta que analisa o ambiente e&nbsp;faz as recomenda\u00e7\u00f5es sobre o que seria necess\u00e1rio para que a replica\u00e7\u00e3o funcione da maneira desejada.&nbsp;<\/p>\n\n\n\n<p>\u00c9 extremamente&nbsp;aconselh\u00e1vel&nbsp;que voc\u00ea fa\u00e7a a implanta\u00e7\u00e3o do Azure Site Recovery, somente depois de seguir as recomenda\u00e7\u00f5es que s\u00e3o feitas pela ferramenta da Microsoft, inclusive de espa\u00e7o em disco, porque&nbsp;para que o&nbsp;processo de replica\u00e7\u00e3o aconte\u00e7a&nbsp;\u00e9 necess\u00e1rio que voc\u00ea&nbsp;tenha uma \u00e1rea de trabalho, assim&nbsp;como acontece com o Azure Backup (que discutimos no artigo anterior).&nbsp;Outra funcionalidade bastante interessante do Azure Site Recovery, \u00e9 a capacidade de fazer a migra\u00e7\u00e3o de servidores para a nuvem, voc\u00ea tamb\u00e9m pode utilizar essa ferramenta para um processo de migra\u00e7\u00e3o, seja de servidores virtualizados, seja de servidores f\u00edsicos (baremetal), e inclusive&nbsp;de servidores que estejam em outra nuvem (Amazon&nbsp;AWS, por exemplo), para cada modelo de migra\u00e7\u00e3o&nbsp;existe um conjunto de recomenda\u00e7\u00f5es, mas que n\u00e3o&nbsp;inviabilizam o processo, basta seguir as recomenda\u00e7\u00f5es&nbsp;que voc\u00ea poder\u00e1 levar as m\u00e1quinas para o ambiente do Azure, nesse caso&nbsp;um ponto bastante interessante, \u00e9 que a Microsoft faz a cobran\u00e7a da prote\u00e7\u00e3o do Azure Site Recovery apenas depois do primeiro m\u00eas de prote\u00e7\u00e3o, ou seja, dependendo do tamanho&nbsp;da rede que voc\u00ea deseja migrar,&nbsp;voc\u00ea pode fazer tudo isso sem custo nenhum, apenas do espa\u00e7o ocupado pelos dados no Azure e das&nbsp;VMs&nbsp;que&nbsp;por ventura voc\u00ea venha a ligar.&nbsp;<\/p>\n\n\n\n<p><strong>Conclus\u00e3o<\/strong>&nbsp;<\/p>\n\n\n\n<p>Chegamos ao final dessa s\u00e9rie&nbsp;e, assim, chegamos \u00e0 conclus\u00e3o de que existem diversos recursos que podem ser usados para a&nbsp;prote\u00e7\u00e3o de nossas informa\u00e7\u00f5es, nessas tecnologias, basicamente&nbsp;existem aquelas que servem para&nbsp;proteger os dados dos usu\u00e1rios&nbsp;e existem as tecnologias para garantir a continuidade dos servi\u00e7os,&nbsp;usando um site de conting\u00eancia, no mundo Microsoft, atrav\u00e9s da plataforma do Azure, podemos contar com o Azure Backup e com&nbsp;o Azure Site Recovery.&nbsp;<\/p>\n\n\n\n<p>Al\u00e9m disso, vimos que um Plano para Recupera\u00e7\u00e3o de Desastres, se n\u00e3o for bem&nbsp;realizado&nbsp;pode fazer com&nbsp;que&nbsp;os&nbsp;dados n\u00e3o estejam dispon\u00edveis como previsto pelo&nbsp;departamento de TI, nesse sentido, alinhar com as equipes que podem demandar a&nbsp;recupera\u00e7\u00e3o de informa\u00e7\u00f5es. Caso n\u00e3o&nbsp;saibam informar&nbsp;\u00e9 importante que o departamento de TI crie um padr\u00e3o&nbsp;e divulgue como o processo para as \u00e1reas internas da empresa, de forma que todos tenham a expectativa correta a cerca de&nbsp;como os dados ser\u00e3o protegidos, n\u00e3o \u00e9 necess\u00e1rio&nbsp;entrar em detalhes t\u00e9cnicos, mas&nbsp;sim entender&nbsp;um pouco da din\u00e2mica de&nbsp;prote\u00e7\u00e3o.&nbsp;<\/p>\n","protected":false},"excerpt":{"rendered":"<p>Uma preocupa\u00e7\u00e3o comum para todo administrador de TI\u00a0\u00e9 a integridade\u00a0e prote\u00e7\u00e3o das informa\u00e7\u00f5es. \u00c9 preciso elaborar um plano para o caso o pior aconte\u00e7a<\/p>\n","protected":false},"author":8,"featured_media":1341,"comment_status":"open","ping_status":"open","sticky":false,"template":"","format":"standard","meta":{"footnotes":""},"categories":[94],"tags":[364,365],"post_series":[],"class_list":["post-1316","post","type-post","status-publish","format-standard","has-post-thumbnail","hentry","category-tutoriais","tag-perda-de-dados","tag-recuperacao-de-dados","entry","has-media"],"yoast_head":"<!-- This site is optimized with the Yoast SEO plugin v27.2 - https:\/\/yoast.com\/product\/yoast-seo-wordpress\/ -->\n<title>Parte 3 - Elaborando um Plano para a Recupera\u00e7\u00e3o de Desastres - Blog da FCamara<\/title>\n<meta name=\"description\" content=\"Uma preocupa\u00e7\u00e3o comum para todo administrador de TI\u00a0\u00e9 a integridade\u00a0e prote\u00e7\u00e3o das informa\u00e7\u00f5es. \u00c9 preciso elaborar um plano para o caso o pior aconte\u00e7a\" \/>\n<meta name=\"robots\" content=\"index, follow, max-snippet:-1, max-image-preview:large, max-video-preview:-1\" \/>\n<link rel=\"canonical\" href=\"https:\/\/fcamara.com\/blog\/blog-elaborando-um-plano-para-a-recuperacao-de-desastres-parte-3\/\" \/>\n<meta property=\"og:locale\" content=\"pt_BR\" \/>\n<meta property=\"og:type\" content=\"article\" \/>\n<meta property=\"og:title\" content=\"Parte 3 - Elaborando um Plano para a Recupera\u00e7\u00e3o de Desastres - Blog da FCamara\" \/>\n<meta property=\"og:description\" content=\"Uma preocupa\u00e7\u00e3o comum para todo administrador de TI\u00a0\u00e9 a integridade\u00a0e prote\u00e7\u00e3o das informa\u00e7\u00f5es. \u00c9 preciso elaborar um plano para o caso o pior aconte\u00e7a\" \/>\n<meta property=\"og:url\" content=\"https:\/\/fcamara.com\/blog\/blog-elaborando-um-plano-para-a-recuperacao-de-desastres-parte-3\/\" \/>\n<meta property=\"og:site_name\" content=\"Blog da FCamara\" \/>\n<meta property=\"article:published_time\" content=\"2021-11-16T18:25:34+00:00\" \/>\n<meta property=\"article:modified_time\" content=\"2022-12-05T14:58:07+00:00\" \/>\n<meta property=\"og:image\" content=\"https:\/\/fcamara.com\/blog\/wp-content\/uploads\/2021\/11\/Thumb-Blog-FCnuvem-PlanoRec-2.png\" \/>\n\t<meta property=\"og:image:width\" content=\"260\" \/>\n\t<meta property=\"og:image:height\" content=\"205\" \/>\n\t<meta property=\"og:image:type\" content=\"image\/png\" \/>\n<meta name=\"author\" content=\"fcnuvem\" \/>\n<meta name=\"twitter:card\" content=\"summary_large_image\" \/>\n<meta name=\"twitter:label1\" content=\"Escrito por\" \/>\n\t<meta name=\"twitter:data1\" content=\"fcnuvem\" \/>\n\t<meta name=\"twitter:label2\" content=\"Est. tempo de leitura\" \/>\n\t<meta name=\"twitter:data2\" content=\"6 minutos\" \/>\n<script type=\"application\/ld+json\" class=\"yoast-schema-graph\">{\"@context\":\"https:\/\/schema.org\",\"@graph\":[{\"@type\":\"Article\",\"@id\":\"https:\/\/fcamara.com\/blog\/blog-elaborando-um-plano-para-a-recuperacao-de-desastres-parte-3\/#article\",\"isPartOf\":{\"@id\":\"https:\/\/fcamara.com\/blog\/blog-elaborando-um-plano-para-a-recuperacao-de-desastres-parte-3\/\"},\"author\":{\"name\":\"fcnuvem\",\"@id\":\"https:\/\/fcamara.com\/blog\/#\/schema\/person\/62d48659a26297896002e2434a44e28a\"},\"headline\":\"Parte 3 &#8211; Elaborando um Plano para a Recupera\u00e7\u00e3o de Desastres\",\"datePublished\":\"2021-11-16T18:25:34+00:00\",\"dateModified\":\"2022-12-05T14:58:07+00:00\",\"mainEntityOfPage\":{\"@id\":\"https:\/\/fcamara.com\/blog\/blog-elaborando-um-plano-para-a-recuperacao-de-desastres-parte-3\/\"},\"wordCount\":1667,\"commentCount\":0,\"publisher\":{\"@id\":\"https:\/\/fcamara.com\/blog\/#organization\"},\"image\":{\"@id\":\"https:\/\/fcamara.com\/blog\/blog-elaborando-um-plano-para-a-recuperacao-de-desastres-parte-3\/#primaryimage\"},\"thumbnailUrl\":\"https:\/\/fcamara.com\/blog\/wp-content\/uploads\/2021\/11\/Thumb-Blog-FCnuvem-PlanoRec-2.png\",\"keywords\":[\"perda de dados\",\"recupera\u00e7\u00e3o de dados\"],\"articleSection\":[\"Tutoriais\"],\"inLanguage\":\"pt-BR\",\"potentialAction\":[{\"@type\":\"CommentAction\",\"name\":\"Comment\",\"target\":[\"https:\/\/fcamara.com\/blog\/blog-elaborando-um-plano-para-a-recuperacao-de-desastres-parte-3\/#respond\"]}]},{\"@type\":\"WebPage\",\"@id\":\"https:\/\/fcamara.com\/blog\/blog-elaborando-um-plano-para-a-recuperacao-de-desastres-parte-3\/\",\"url\":\"https:\/\/fcamara.com\/blog\/blog-elaborando-um-plano-para-a-recuperacao-de-desastres-parte-3\/\",\"name\":\"Parte 3 - Elaborando um Plano para a Recupera\u00e7\u00e3o de Desastres - Blog da FCamara\",\"isPartOf\":{\"@id\":\"https:\/\/fcamara.com\/blog\/#website\"},\"primaryImageOfPage\":{\"@id\":\"https:\/\/fcamara.com\/blog\/blog-elaborando-um-plano-para-a-recuperacao-de-desastres-parte-3\/#primaryimage\"},\"image\":{\"@id\":\"https:\/\/fcamara.com\/blog\/blog-elaborando-um-plano-para-a-recuperacao-de-desastres-parte-3\/#primaryimage\"},\"thumbnailUrl\":\"https:\/\/fcamara.com\/blog\/wp-content\/uploads\/2021\/11\/Thumb-Blog-FCnuvem-PlanoRec-2.png\",\"datePublished\":\"2021-11-16T18:25:34+00:00\",\"dateModified\":\"2022-12-05T14:58:07+00:00\",\"description\":\"Uma preocupa\u00e7\u00e3o comum para todo administrador de TI\u00a0\u00e9 a integridade\u00a0e prote\u00e7\u00e3o das informa\u00e7\u00f5es. \u00c9 preciso elaborar um plano para o caso o pior aconte\u00e7a\",\"breadcrumb\":{\"@id\":\"https:\/\/fcamara.com\/blog\/blog-elaborando-um-plano-para-a-recuperacao-de-desastres-parte-3\/#breadcrumb\"},\"inLanguage\":\"pt-BR\",\"potentialAction\":[{\"@type\":\"ReadAction\",\"target\":[\"https:\/\/fcamara.com\/blog\/blog-elaborando-um-plano-para-a-recuperacao-de-desastres-parte-3\/\"]}]},{\"@type\":\"ImageObject\",\"inLanguage\":\"pt-BR\",\"@id\":\"https:\/\/fcamara.com\/blog\/blog-elaborando-um-plano-para-a-recuperacao-de-desastres-parte-3\/#primaryimage\",\"url\":\"https:\/\/fcamara.com\/blog\/wp-content\/uploads\/2021\/11\/Thumb-Blog-FCnuvem-PlanoRec-2.png\",\"contentUrl\":\"https:\/\/fcamara.com\/blog\/wp-content\/uploads\/2021\/11\/Thumb-Blog-FCnuvem-PlanoRec-2.png\",\"width\":260,\"height\":205},{\"@type\":\"BreadcrumbList\",\"@id\":\"https:\/\/fcamara.com\/blog\/blog-elaborando-um-plano-para-a-recuperacao-de-desastres-parte-3\/#breadcrumb\",\"itemListElement\":[{\"@type\":\"ListItem\",\"position\":1,\"name\":\"In\u00edcio\",\"item\":\"https:\/\/fcamara.com\/blog\/\"},{\"@type\":\"ListItem\",\"position\":2,\"name\":\"investir em mobilidade\",\"item\":\"https:\/\/fcamara.com\/blog\/tags\/investir-em-mobilidade\/\"},{\"@type\":\"ListItem\",\"position\":3,\"name\":\"Parte 3 &#8211; Elaborando um Plano para a Recupera\u00e7\u00e3o de Desastres\"}]},{\"@type\":\"WebSite\",\"@id\":\"https:\/\/fcamara.com\/blog\/#website\",\"url\":\"https:\/\/fcamara.com\/blog\/\",\"name\":\"Blog da FCamara\",\"description\":\"Esta \u00e9 a \u00e1rea de insights sobre o mercado de tecnologia.\",\"publisher\":{\"@id\":\"https:\/\/fcamara.com\/blog\/#organization\"},\"potentialAction\":[{\"@type\":\"SearchAction\",\"target\":{\"@type\":\"EntryPoint\",\"urlTemplate\":\"https:\/\/fcamara.com\/blog\/?s={search_term_string}\"},\"query-input\":{\"@type\":\"PropertyValueSpecification\",\"valueRequired\":true,\"valueName\":\"search_term_string\"}}],\"inLanguage\":\"pt-BR\"},{\"@type\":\"Organization\",\"@id\":\"https:\/\/fcamara.com\/blog\/#organization\",\"name\":\"Blog da FCamara\",\"url\":\"https:\/\/fcamara.com\/blog\/\",\"logo\":{\"@type\":\"ImageObject\",\"inLanguage\":\"pt-BR\",\"@id\":\"https:\/\/fcamara.com\/blog\/#\/schema\/logo\/image\/\",\"url\":\"https:\/\/fcamara.com\/blog\/wp-content\/uploads\/2024\/07\/FCamara-Blog-laranja.webp\",\"contentUrl\":\"https:\/\/fcamara.com\/blog\/wp-content\/uploads\/2024\/07\/FCamara-Blog-laranja.webp\",\"width\":459,\"height\":68,\"caption\":\"Blog da FCamara\"},\"image\":{\"@id\":\"https:\/\/fcamara.com\/blog\/#\/schema\/logo\/image\/\"}},{\"@type\":\"Person\",\"@id\":\"https:\/\/fcamara.com\/blog\/#\/schema\/person\/62d48659a26297896002e2434a44e28a\",\"name\":\"fcnuvem\",\"image\":{\"@type\":\"ImageObject\",\"inLanguage\":\"pt-BR\",\"@id\":\"https:\/\/secure.gravatar.com\/avatar\/?s=96&d=mm&r=g\",\"url\":\"https:\/\/secure.gravatar.com\/avatar\/?s=96&d=mm&r=g\",\"contentUrl\":\"https:\/\/secure.gravatar.com\/avatar\/?s=96&d=mm&r=g\",\"caption\":\"fcnuvem\"},\"url\":\"https:\/\/fcamara.com\/blog\/author\/fcnuvem\/\"}]}<\/script>\n<!-- \/ Yoast SEO plugin. -->","yoast_head_json":{"title":"Parte 3 - Elaborando um Plano para a Recupera\u00e7\u00e3o de Desastres - Blog da FCamara","description":"Uma preocupa\u00e7\u00e3o comum para todo administrador de TI\u00a0\u00e9 a integridade\u00a0e prote\u00e7\u00e3o das informa\u00e7\u00f5es. \u00c9 preciso elaborar um plano para o caso o pior aconte\u00e7a","robots":{"index":"index","follow":"follow","max-snippet":"max-snippet:-1","max-image-preview":"max-image-preview:large","max-video-preview":"max-video-preview:-1"},"canonical":"https:\/\/fcamara.com\/blog\/blog-elaborando-um-plano-para-a-recuperacao-de-desastres-parte-3\/","og_locale":"pt_BR","og_type":"article","og_title":"Parte 3 - Elaborando um Plano para a Recupera\u00e7\u00e3o de Desastres - Blog da FCamara","og_description":"Uma preocupa\u00e7\u00e3o comum para todo administrador de TI\u00a0\u00e9 a integridade\u00a0e prote\u00e7\u00e3o das informa\u00e7\u00f5es. \u00c9 preciso elaborar um plano para o caso o pior aconte\u00e7a","og_url":"https:\/\/fcamara.com\/blog\/blog-elaborando-um-plano-para-a-recuperacao-de-desastres-parte-3\/","og_site_name":"Blog da FCamara","article_published_time":"2021-11-16T18:25:34+00:00","article_modified_time":"2022-12-05T14:58:07+00:00","og_image":[{"width":260,"height":205,"url":"https:\/\/fcamara.com\/blog\/wp-content\/uploads\/2021\/11\/Thumb-Blog-FCnuvem-PlanoRec-2.png","type":"image\/png"}],"author":"fcnuvem","twitter_card":"summary_large_image","twitter_misc":{"Escrito por":"fcnuvem","Est. tempo de leitura":"6 minutos"},"schema":{"@context":"https:\/\/schema.org","@graph":[{"@type":"Article","@id":"https:\/\/fcamara.com\/blog\/blog-elaborando-um-plano-para-a-recuperacao-de-desastres-parte-3\/#article","isPartOf":{"@id":"https:\/\/fcamara.com\/blog\/blog-elaborando-um-plano-para-a-recuperacao-de-desastres-parte-3\/"},"author":{"name":"fcnuvem","@id":"https:\/\/fcamara.com\/blog\/#\/schema\/person\/62d48659a26297896002e2434a44e28a"},"headline":"Parte 3 &#8211; Elaborando um Plano para a Recupera\u00e7\u00e3o de Desastres","datePublished":"2021-11-16T18:25:34+00:00","dateModified":"2022-12-05T14:58:07+00:00","mainEntityOfPage":{"@id":"https:\/\/fcamara.com\/blog\/blog-elaborando-um-plano-para-a-recuperacao-de-desastres-parte-3\/"},"wordCount":1667,"commentCount":0,"publisher":{"@id":"https:\/\/fcamara.com\/blog\/#organization"},"image":{"@id":"https:\/\/fcamara.com\/blog\/blog-elaborando-um-plano-para-a-recuperacao-de-desastres-parte-3\/#primaryimage"},"thumbnailUrl":"https:\/\/fcamara.com\/blog\/wp-content\/uploads\/2021\/11\/Thumb-Blog-FCnuvem-PlanoRec-2.png","keywords":["perda de dados","recupera\u00e7\u00e3o de dados"],"articleSection":["Tutoriais"],"inLanguage":"pt-BR","potentialAction":[{"@type":"CommentAction","name":"Comment","target":["https:\/\/fcamara.com\/blog\/blog-elaborando-um-plano-para-a-recuperacao-de-desastres-parte-3\/#respond"]}]},{"@type":"WebPage","@id":"https:\/\/fcamara.com\/blog\/blog-elaborando-um-plano-para-a-recuperacao-de-desastres-parte-3\/","url":"https:\/\/fcamara.com\/blog\/blog-elaborando-um-plano-para-a-recuperacao-de-desastres-parte-3\/","name":"Parte 3 - Elaborando um Plano para a Recupera\u00e7\u00e3o de Desastres - Blog da FCamara","isPartOf":{"@id":"https:\/\/fcamara.com\/blog\/#website"},"primaryImageOfPage":{"@id":"https:\/\/fcamara.com\/blog\/blog-elaborando-um-plano-para-a-recuperacao-de-desastres-parte-3\/#primaryimage"},"image":{"@id":"https:\/\/fcamara.com\/blog\/blog-elaborando-um-plano-para-a-recuperacao-de-desastres-parte-3\/#primaryimage"},"thumbnailUrl":"https:\/\/fcamara.com\/blog\/wp-content\/uploads\/2021\/11\/Thumb-Blog-FCnuvem-PlanoRec-2.png","datePublished":"2021-11-16T18:25:34+00:00","dateModified":"2022-12-05T14:58:07+00:00","description":"Uma preocupa\u00e7\u00e3o comum para todo administrador de TI\u00a0\u00e9 a integridade\u00a0e prote\u00e7\u00e3o das informa\u00e7\u00f5es. \u00c9 preciso elaborar um plano para o caso o pior aconte\u00e7a","breadcrumb":{"@id":"https:\/\/fcamara.com\/blog\/blog-elaborando-um-plano-para-a-recuperacao-de-desastres-parte-3\/#breadcrumb"},"inLanguage":"pt-BR","potentialAction":[{"@type":"ReadAction","target":["https:\/\/fcamara.com\/blog\/blog-elaborando-um-plano-para-a-recuperacao-de-desastres-parte-3\/"]}]},{"@type":"ImageObject","inLanguage":"pt-BR","@id":"https:\/\/fcamara.com\/blog\/blog-elaborando-um-plano-para-a-recuperacao-de-desastres-parte-3\/#primaryimage","url":"https:\/\/fcamara.com\/blog\/wp-content\/uploads\/2021\/11\/Thumb-Blog-FCnuvem-PlanoRec-2.png","contentUrl":"https:\/\/fcamara.com\/blog\/wp-content\/uploads\/2021\/11\/Thumb-Blog-FCnuvem-PlanoRec-2.png","width":260,"height":205},{"@type":"BreadcrumbList","@id":"https:\/\/fcamara.com\/blog\/blog-elaborando-um-plano-para-a-recuperacao-de-desastres-parte-3\/#breadcrumb","itemListElement":[{"@type":"ListItem","position":1,"name":"In\u00edcio","item":"https:\/\/fcamara.com\/blog\/"},{"@type":"ListItem","position":2,"name":"investir em mobilidade","item":"https:\/\/fcamara.com\/blog\/tags\/investir-em-mobilidade\/"},{"@type":"ListItem","position":3,"name":"Parte 3 &#8211; Elaborando um Plano para a Recupera\u00e7\u00e3o de Desastres"}]},{"@type":"WebSite","@id":"https:\/\/fcamara.com\/blog\/#website","url":"https:\/\/fcamara.com\/blog\/","name":"Blog da FCamara","description":"Esta \u00e9 a \u00e1rea de insights sobre o mercado de tecnologia.","publisher":{"@id":"https:\/\/fcamara.com\/blog\/#organization"},"potentialAction":[{"@type":"SearchAction","target":{"@type":"EntryPoint","urlTemplate":"https:\/\/fcamara.com\/blog\/?s={search_term_string}"},"query-input":{"@type":"PropertyValueSpecification","valueRequired":true,"valueName":"search_term_string"}}],"inLanguage":"pt-BR"},{"@type":"Organization","@id":"https:\/\/fcamara.com\/blog\/#organization","name":"Blog da FCamara","url":"https:\/\/fcamara.com\/blog\/","logo":{"@type":"ImageObject","inLanguage":"pt-BR","@id":"https:\/\/fcamara.com\/blog\/#\/schema\/logo\/image\/","url":"https:\/\/fcamara.com\/blog\/wp-content\/uploads\/2024\/07\/FCamara-Blog-laranja.webp","contentUrl":"https:\/\/fcamara.com\/blog\/wp-content\/uploads\/2024\/07\/FCamara-Blog-laranja.webp","width":459,"height":68,"caption":"Blog da FCamara"},"image":{"@id":"https:\/\/fcamara.com\/blog\/#\/schema\/logo\/image\/"}},{"@type":"Person","@id":"https:\/\/fcamara.com\/blog\/#\/schema\/person\/62d48659a26297896002e2434a44e28a","name":"fcnuvem","image":{"@type":"ImageObject","inLanguage":"pt-BR","@id":"https:\/\/secure.gravatar.com\/avatar\/?s=96&d=mm&r=g","url":"https:\/\/secure.gravatar.com\/avatar\/?s=96&d=mm&r=g","contentUrl":"https:\/\/secure.gravatar.com\/avatar\/?s=96&d=mm&r=g","caption":"fcnuvem"},"url":"https:\/\/fcamara.com\/blog\/author\/fcnuvem\/"}]}},"lang":"br","translations":{"br":1316},"pll_sync_post":[],"_links":{"self":[{"href":"https:\/\/fcamara.com\/blog\/wp-json\/wp\/v2\/posts\/1316","targetHints":{"allow":["GET"]}}],"collection":[{"href":"https:\/\/fcamara.com\/blog\/wp-json\/wp\/v2\/posts"}],"about":[{"href":"https:\/\/fcamara.com\/blog\/wp-json\/wp\/v2\/types\/post"}],"author":[{"embeddable":true,"href":"https:\/\/fcamara.com\/blog\/wp-json\/wp\/v2\/users\/8"}],"replies":[{"embeddable":true,"href":"https:\/\/fcamara.com\/blog\/wp-json\/wp\/v2\/comments?post=1316"}],"version-history":[{"count":1,"href":"https:\/\/fcamara.com\/blog\/wp-json\/wp\/v2\/posts\/1316\/revisions"}],"predecessor-version":[{"id":6161,"href":"https:\/\/fcamara.com\/blog\/wp-json\/wp\/v2\/posts\/1316\/revisions\/6161"}],"wp:featuredmedia":[{"embeddable":true,"href":"https:\/\/fcamara.com\/blog\/wp-json\/wp\/v2\/media\/1341"}],"wp:attachment":[{"href":"https:\/\/fcamara.com\/blog\/wp-json\/wp\/v2\/media?parent=1316"}],"wp:term":[{"taxonomy":"category","embeddable":true,"href":"https:\/\/fcamara.com\/blog\/wp-json\/wp\/v2\/categories?post=1316"},{"taxonomy":"post_tag","embeddable":true,"href":"https:\/\/fcamara.com\/blog\/wp-json\/wp\/v2\/tags?post=1316"},{"taxonomy":"post_series","embeddable":true,"href":"https:\/\/fcamara.com\/blog\/wp-json\/wp\/v2\/post_series?post=1316"}],"curies":[{"name":"wp","href":"https:\/\/api.w.org\/{rel}","templated":true}]}}