{"id":2601,"date":"2019-01-04T11:01:13","date_gmt":"2019-01-04T14:01:13","guid":{"rendered":"http:\/\/blog.fcamara.com.br\/?p=2436"},"modified":"2022-12-05T11:39:25","modified_gmt":"2022-12-05T14:39:25","slug":"a-experiencia-de-um-reinvent","status":"publish","type":"post","link":"https:\/\/fcamara.com\/blog\/a-experiencia-de-um-reinvent\/","title":{"rendered":"A experi\u00eancia de um re:Invent"},"content":{"rendered":"Em novembro tive o prazer de ir para Las Vegas para prestigiar de perto o re:Invent. Uma experi\u00eancia incr\u00edvel em muitos aspectos. Aproveitando da incr\u00edvel estrutura de Las Vegas o evento \u00e9 um espet\u00e1culo para o conhecimento e para os olhos. Como neg\u00f3cio, \u00e9 surpreendente como esse ecossistema de inova\u00e7\u00e3o se retro alimenta com as novas necessidades que surgem a cada ano e cria um ambiente colaborativo em solu\u00e7\u00f5es que se complementam e oferecem novas possibilidades aos seus usu\u00e1rios. O evento da Amazon, n\u00e3o \u00e9 s\u00f3 dela, \u00e9 de seus parceiros e clientes que utilizam de maneira eficiente e coordenada a semana do evento para divulgar seus trabalhos, produtos e experi\u00eancias, al\u00e9m de encontrar novas formas de resolver problemas.\n\n<!-- \/wp:post-content -->\n\n<!-- wp:paragraph -->\n\nClaro que um evento desse tamanho, serve para divulga\u00e7\u00e3o de muita coisa nova que est\u00e1 surgindo, mas tamb\u00e9m \u00e9 uma grande fonte de conhecimento, onde as palestras n\u00e3o tem mais somente uma pegada t\u00e9cnica. V\u00e1rias delas foram focadas em gerar <em>insights<\/em> e novas perspectivas para CTOs que passam por transforma\u00e7\u00f5es digitais dentro de suas empresas. Afinal n\u00e3o \u00e9 de hoje que <em>startups<\/em> nascem sem ter um parque tecnol\u00f3gico o que possibilita que as mesmas n\u00e3o tenham a necessidade de\u00a0alavancar grandes quantias para criar e manter toda essa infraestrutura. Mas mesmo com as facilidades que temos hoje em dia, toda essa mudan\u00e7a traz novos possibilidades e desafios. Fica claro ao participar de um evento dessa magnitude que v\u00e1rias empresas aproveitam dessa novas oportunidades para criar solu\u00e7\u00f5es que buscam facilitar esses novos desafios. Assuntos como seguran\u00e7a e diagn\u00f3stico de problemas s\u00e3o um prato cheio e quanto mais distribu\u00eddo seu sistema e o alcance do mesmo, maior a chance de voc\u00ea deparar com problemas diferentes em regi\u00f5es diferentes. Assim ferramentas que acelerem o diagn\u00f3stico e ajudem na preven\u00e7\u00e3o s\u00e3o rapidamente aceitas pelo mercado.\n\n<!-- \/wp:paragraph -->\n\n<!-- wp:paragraph -->\n\nE falando em aceita\u00e7\u00e3o, algo que me chamou aten\u00e7\u00e3o durante o evento foi o stand da Red Hat, que em pleno evento da AWS fazia an\u00fancios de sua pr\u00f3pria nuvem a\u00a0<a href=\"https:\/\/www.openshift.com\/\" target=\"_blank\" rel=\"noreferrer noopener\">OpenShift<\/a>. Apesar da minha surpresa inicial, ao entender um pouco mais da ideia, me pareceu bem natural na realidade a presen\u00e7a da OpenShift no evento. Seu ponto focal era mostrar como \u00e9 poss\u00edvel gerenciar <em>containers<\/em> dentro da AWS utilizando seus servi\u00e7os. Inclusive essa gest\u00e3o distribu\u00edda de recursos vem ganhando for\u00e7a. J\u00e1 \u00e9 vis\u00edvel para as gigantes do mundo das nuvens que a gest\u00e3o de <em>containers<\/em> em m\u00faltiplas plataformas de nuvem \u00e9 uma realidade que veio para ficar. E deixar de olhar para essa possibilidade pode significar perder v\u00e1rios contratos.\n\n<!-- \/wp:paragraph -->\n\n<!-- wp:paragraph -->\n\nJ\u00e1 produtos bem consolidados no mercado vieram com tudo demonstrando seus novos modelos de neg\u00f3cio, como o caso do Redis que focou seus esfor\u00e7os no evento em mostrar seu modelo Enterprise. Oferecendo inclusive um modelo agora onde voc\u00ea n\u00e3o necessariamente precisar contratar o Redis direto de um servi\u00e7o de nuvem ou ter uma estrutura on premisse para se utilizar das vantagens da ferramenta. Possuindo sua pr\u00f3pria cloud o Redis oferece seus servi\u00e7os de maneira flex\u00edvel e escal\u00e1vel. Ao entender melhor toda a ideia me questionei qual seria a vantagem de eu contratar esse servi\u00e7o do Redis direto deles e n\u00e3o da AWS ou qualquer uma de suas concorrentes, a resposta do pessoal que me atendeu foi direta &#8230; \u00e9 muito mais barato.\n\n<!-- \/wp:paragraph -->\n\n<!-- wp:paragraph -->\n\nEu particularmente gosto de saber desse tipo de possibilidade, afinal a nuvem \u00e9 um ambiente ainda muito vol\u00e1til quando assunto \u00e9 pre\u00e7o. Algo que faz sentido em um tamanho pequeno, pode ser um verdadeiro &#8220;tiro no p\u00e9&#8221; ao ganhar escala. Hoje arquitetos precisam estar atentos a esse tipo de oferta para conseguir gerenciar custos de maneira eficiente, assim no final do dia saber que existe, por exemplo, m\u00e1quinas\u00a0<a href=\"https:\/\/aws.amazon.com\/pt\/ec2\/spot\/\" target=\"_blank\" rel=\"noreferrer noopener\"><em>spot<\/em><\/a>\u00a0e todo o modelo de contrata\u00e7\u00e3o por tr\u00e1s delas pode garantir uma economia de milhares de d\u00f3lares no final do m\u00eas.\n\n<!-- \/wp:paragraph -->\n\n<!-- wp:paragraph -->\n\nOutro assunto muito forte no evento \u00e9 a an\u00e1lise e seguran\u00e7a de dados. Como novas legisla\u00e7\u00f5es surgindo e dados sendo o novo petr\u00f3leo da era digital a demanda por controle e gest\u00e3o da informa\u00e7\u00e3o cresce de maneira exponencial. V\u00e1rias empresas j\u00e1 entenderam que explorar essa massa gigantesca de dados sendo criada a cada dia \u00e9 dif\u00edcil de ser controlada e examinada. Empresas como a\u00a0<a href=\"https:\/\/www.sumologic.com\/\" target=\"_blank\" rel=\"noreferrer noopener\">Sumologic<\/a>\u00a0surgem com essa miss\u00e3o de oferecer uma gest\u00e3o total do ciclo de\u00a0<a href=\"https:\/\/pt.wikipedia.org\/wiki\/Gerenciamento_e_Correla%C3%A7%C3%A3o_de_Eventos_de_Seguran%C3%A7a\" target=\"_blank\" rel=\"noreferrer noopener\">SIEM<\/a>.\n\n<!-- \/wp:paragraph -->\n\n<!-- wp:paragraph -->\n\nPor \u00faltimo, algo que me ajudou por estar fazendo nesse momento um estudo para um cliente, foi o stand Chin\u00eas da AWS dentro do evento. Pois, se voc\u00ea j\u00e1 atuou em um projeto onde o cliente tem um desejo de ter um datacenter dentro da China, j\u00e1 percebeu que essa tarefa \u00e9 algo n\u00e3o t\u00e3o trivial. Diferente das outras regi\u00f5es ter uma estrutura dentro do pa\u00eds \u00e9 algo que requer tempo e estudo. \u00c9 algo bastante burocr\u00e1tico e cheio de entre linhas, assim ao ver a AWS oferecendo esse tipo de possibilidade foi muito positivo. Pude entrar em contato com representantes e parceiros da regi\u00e3o, que do evento para c\u00e1, vem me ajudando a elaborar essa estrat\u00e9gia. Assim participar desse evento foi recompensador de v\u00e1rias maneiras diferentes. Sem falar no espet\u00e1culo que \u00e9 Vegas&#8230;\n\n<!-- \/wp:paragraph -->\n\n<!-- wp:paragraph -->\n\nEstou organizando um bate papo onde pretendo falar mais sobre o evento. Tem interesse? Comenta aqui!\n\n<!-- \/wp:paragraph -->\n\n<!-- wp:paragraph -->\n\nPor <a href=\"https:\/\/www.linkedin.com\/in\/joel-backschat-2a027b2a\/\">Joel Backschat<\/a>\n\n<!-- \/wp:paragraph -->","protected":false},"excerpt":{"rendered":"<p>Em novembro tive o prazer de ir para Las Vegas para prestigiar de perto o re:Invent. Uma experi\u00eancia incr\u00edvel em muitos aspectos. Aproveitando da incr\u00edvel estrutura de Las Vegas o evento \u00e9 um espet\u00e1culo para o conhecimento e para os olhos. Como neg\u00f3cio, \u00e9 surpreendente como esse ecossistema de inova\u00e7\u00e3o se retro alimenta com as&hellip;<\/p>\n","protected":false},"author":2,"featured_media":2441,"comment_status":"closed","ping_status":"open","sticky":false,"template":"","format":"standard","meta":{"footnotes":""},"categories":[90,352,349],"tags":[70,71,72,73,57],"post_series":[],"class_list":["post-2601","post","type-post","status-publish","format-standard","has-post-thumbnail","hentry","category-cloud-ciberseguranca","category-outros","category-varejo","tag-amazon","tag-aws","tag-evento","tag-reinvent","tag-tecnologia","entry","has-media"],"yoast_head":"<!-- This site is optimized with the Yoast SEO plugin v27.2 - https:\/\/yoast.com\/product\/yoast-seo-wordpress\/ -->\n<title>A experi\u00eancia de um re:Invent por Joel Backschat- Blog FCamara<\/title>\n<meta name=\"description\" content=\"Em novembro tive o prazer de prestigiar de perto o re:Invent, evento coordenado pela Amazon que \u00e9 um espet\u00e1culo para o conhecimento e para os olhos.\" \/>\n<meta name=\"robots\" content=\"index, follow, max-snippet:-1, max-image-preview:large, max-video-preview:-1\" \/>\n<link rel=\"canonical\" href=\"https:\/\/fcamara.com\/blog\/a-experiencia-de-um-reinvent\/\" \/>\n<meta property=\"og:locale\" content=\"pt_BR\" \/>\n<meta property=\"og:type\" content=\"article\" \/>\n<meta property=\"og:title\" content=\"A experi\u00eancia de um re:Invent por Joel Backschat- Blog FCamara\" \/>\n<meta property=\"og:description\" content=\"Em novembro tive o prazer de prestigiar de perto o re:Invent, evento coordenado pela Amazon que \u00e9 um espet\u00e1culo para o conhecimento e para os olhos.\" \/>\n<meta property=\"og:url\" content=\"https:\/\/fcamara.com\/blog\/a-experiencia-de-um-reinvent\/\" \/>\n<meta property=\"og:site_name\" content=\"Blog da FCamara\" \/>\n<meta property=\"article:published_time\" content=\"2019-01-04T14:01:13+00:00\" \/>\n<meta property=\"article:modified_time\" content=\"2022-12-05T14:39:25+00:00\" \/>\n<meta property=\"og:image\" content=\"https:\/\/fcamara.com\/blog\/wp-content\/uploads\/2019\/01\/aws-re-invent-2018.jpeg\" \/>\n\t<meta property=\"og:image:width\" content=\"2048\" \/>\n\t<meta property=\"og:image:height\" content=\"1157\" \/>\n\t<meta property=\"og:image:type\" content=\"image\/jpeg\" \/>\n<meta name=\"author\" content=\"FCamara\" \/>\n<meta name=\"twitter:card\" content=\"summary_large_image\" \/>\n<meta name=\"twitter:label1\" content=\"Escrito por\" \/>\n\t<meta name=\"twitter:data1\" content=\"FCamara\" \/>\n\t<meta name=\"twitter:label2\" content=\"Est. tempo de leitura\" \/>\n\t<meta name=\"twitter:data2\" content=\"5 minutos\" \/>\n<script type=\"application\/ld+json\" class=\"yoast-schema-graph\">{\"@context\":\"https:\/\/schema.org\",\"@graph\":[{\"@type\":\"Article\",\"@id\":\"https:\/\/fcamara.com\/blog\/a-experiencia-de-um-reinvent\/#article\",\"isPartOf\":{\"@id\":\"https:\/\/fcamara.com\/blog\/a-experiencia-de-um-reinvent\/\"},\"author\":{\"name\":\"FCamara\",\"@id\":\"https:\/\/fcamara.com\/blog\/#\/schema\/person\/31fd30b4025f857a93de804f3d73851a\"},\"headline\":\"A experi\u00eancia de um re:Invent\",\"datePublished\":\"2019-01-04T14:01:13+00:00\",\"dateModified\":\"2022-12-05T14:39:25+00:00\",\"mainEntityOfPage\":{\"@id\":\"https:\/\/fcamara.com\/blog\/a-experiencia-de-um-reinvent\/\"},\"wordCount\":934,\"publisher\":{\"@id\":\"https:\/\/fcamara.com\/blog\/#organization\"},\"image\":{\"@id\":\"https:\/\/fcamara.com\/blog\/a-experiencia-de-um-reinvent\/#primaryimage\"},\"thumbnailUrl\":\"https:\/\/fcamara.com\/blog\/wp-content\/uploads\/2019\/01\/aws-re-invent-2018.jpeg\",\"keywords\":[\"amazon\",\"aws\",\"evento\",\"re:Invent\",\"tecnologia\"],\"articleSection\":[\"Cloud &amp; Ciberseguran\u00e7a\",\"Outros\",\"Varejo\"],\"inLanguage\":\"pt-BR\"},{\"@type\":\"WebPage\",\"@id\":\"https:\/\/fcamara.com\/blog\/a-experiencia-de-um-reinvent\/\",\"url\":\"https:\/\/fcamara.com\/blog\/a-experiencia-de-um-reinvent\/\",\"name\":\"A experi\u00eancia de um re:Invent por Joel Backschat- Blog FCamara\",\"isPartOf\":{\"@id\":\"https:\/\/fcamara.com\/blog\/#website\"},\"primaryImageOfPage\":{\"@id\":\"https:\/\/fcamara.com\/blog\/a-experiencia-de-um-reinvent\/#primaryimage\"},\"image\":{\"@id\":\"https:\/\/fcamara.com\/blog\/a-experiencia-de-um-reinvent\/#primaryimage\"},\"thumbnailUrl\":\"https:\/\/fcamara.com\/blog\/wp-content\/uploads\/2019\/01\/aws-re-invent-2018.jpeg\",\"datePublished\":\"2019-01-04T14:01:13+00:00\",\"dateModified\":\"2022-12-05T14:39:25+00:00\",\"description\":\"Em novembro tive o prazer de prestigiar de perto o re:Invent, evento coordenado pela Amazon que \u00e9 um espet\u00e1culo para o conhecimento e para os olhos.\",\"breadcrumb\":{\"@id\":\"https:\/\/fcamara.com\/blog\/a-experiencia-de-um-reinvent\/#breadcrumb\"},\"inLanguage\":\"pt-BR\",\"potentialAction\":[{\"@type\":\"ReadAction\",\"target\":[\"https:\/\/fcamara.com\/blog\/a-experiencia-de-um-reinvent\/\"]}]},{\"@type\":\"ImageObject\",\"inLanguage\":\"pt-BR\",\"@id\":\"https:\/\/fcamara.com\/blog\/a-experiencia-de-um-reinvent\/#primaryimage\",\"url\":\"https:\/\/fcamara.com\/blog\/wp-content\/uploads\/2019\/01\/aws-re-invent-2018.jpeg\",\"contentUrl\":\"https:\/\/fcamara.com\/blog\/wp-content\/uploads\/2019\/01\/aws-re-invent-2018.jpeg\",\"width\":2048,\"height\":1157},{\"@type\":\"BreadcrumbList\",\"@id\":\"https:\/\/fcamara.com\/blog\/a-experiencia-de-um-reinvent\/#breadcrumb\",\"itemListElement\":[{\"@type\":\"ListItem\",\"position\":1,\"name\":\"In\u00edcio\",\"item\":\"https:\/\/fcamara.com\/blog\/\"},{\"@type\":\"ListItem\",\"position\":2,\"name\":\"Cloud &amp; Ciberseguran\u00e7a\",\"item\":\"https:\/\/fcamara.com\/blog\/categoria\/cloud-ciberseguranca\/\"},{\"@type\":\"ListItem\",\"position\":3,\"name\":\"A experi\u00eancia de um re:Invent\"}]},{\"@type\":\"WebSite\",\"@id\":\"https:\/\/fcamara.com\/blog\/#website\",\"url\":\"https:\/\/fcamara.com\/blog\/\",\"name\":\"Blog da FCamara\",\"description\":\"Esta \u00e9 a \u00e1rea de insights sobre o mercado de tecnologia.\",\"publisher\":{\"@id\":\"https:\/\/fcamara.com\/blog\/#organization\"},\"potentialAction\":[{\"@type\":\"SearchAction\",\"target\":{\"@type\":\"EntryPoint\",\"urlTemplate\":\"https:\/\/fcamara.com\/blog\/?s={search_term_string}\"},\"query-input\":{\"@type\":\"PropertyValueSpecification\",\"valueRequired\":true,\"valueName\":\"search_term_string\"}}],\"inLanguage\":\"pt-BR\"},{\"@type\":\"Organization\",\"@id\":\"https:\/\/fcamara.com\/blog\/#organization\",\"name\":\"Blog da FCamara\",\"url\":\"https:\/\/fcamara.com\/blog\/\",\"logo\":{\"@type\":\"ImageObject\",\"inLanguage\":\"pt-BR\",\"@id\":\"https:\/\/fcamara.com\/blog\/#\/schema\/logo\/image\/\",\"url\":\"https:\/\/fcamara.com\/blog\/wp-content\/uploads\/2024\/07\/FCamara-Blog-laranja.webp\",\"contentUrl\":\"https:\/\/fcamara.com\/blog\/wp-content\/uploads\/2024\/07\/FCamara-Blog-laranja.webp\",\"width\":459,\"height\":68,\"caption\":\"Blog da FCamara\"},\"image\":{\"@id\":\"https:\/\/fcamara.com\/blog\/#\/schema\/logo\/image\/\"}},{\"@type\":\"Person\",\"@id\":\"https:\/\/fcamara.com\/blog\/#\/schema\/person\/31fd30b4025f857a93de804f3d73851a\",\"name\":\"FCamara\",\"image\":{\"@type\":\"ImageObject\",\"inLanguage\":\"pt-BR\",\"@id\":\"https:\/\/secure.gravatar.com\/avatar\/a5d9fbf0e0a80749615937585a2bf0463473729433b0db26ec6eabac55ae3d20?s=96&d=mm&r=g\",\"url\":\"https:\/\/secure.gravatar.com\/avatar\/a5d9fbf0e0a80749615937585a2bf0463473729433b0db26ec6eabac55ae3d20?s=96&d=mm&r=g\",\"contentUrl\":\"https:\/\/secure.gravatar.com\/avatar\/a5d9fbf0e0a80749615937585a2bf0463473729433b0db26ec6eabac55ae3d20?s=96&d=mm&r=g\",\"caption\":\"FCamara\"},\"sameAs\":[\"https:\/\/fcamara.com\/\",\"https:\/\/www.instagram.com\/grupo.fcamara\/\",\"https:\/\/www.linkedin.com\/company\/grupofcamara\/\"],\"url\":\"https:\/\/fcamara.com\/blog\/author\/fcamara\/\"}]}<\/script>\n<!-- \/ Yoast SEO plugin. -->","yoast_head_json":{"title":"A experi\u00eancia de um re:Invent por Joel Backschat- Blog FCamara","description":"Em novembro tive o prazer de prestigiar de perto o re:Invent, evento coordenado pela Amazon que \u00e9 um espet\u00e1culo para o conhecimento e para os olhos.","robots":{"index":"index","follow":"follow","max-snippet":"max-snippet:-1","max-image-preview":"max-image-preview:large","max-video-preview":"max-video-preview:-1"},"canonical":"https:\/\/fcamara.com\/blog\/a-experiencia-de-um-reinvent\/","og_locale":"pt_BR","og_type":"article","og_title":"A experi\u00eancia de um re:Invent por Joel Backschat- Blog FCamara","og_description":"Em novembro tive o prazer de prestigiar de perto o re:Invent, evento coordenado pela Amazon que \u00e9 um espet\u00e1culo para o conhecimento e para os olhos.","og_url":"https:\/\/fcamara.com\/blog\/a-experiencia-de-um-reinvent\/","og_site_name":"Blog da FCamara","article_published_time":"2019-01-04T14:01:13+00:00","article_modified_time":"2022-12-05T14:39:25+00:00","og_image":[{"width":2048,"height":1157,"url":"https:\/\/fcamara.com\/blog\/wp-content\/uploads\/2019\/01\/aws-re-invent-2018.jpeg","type":"image\/jpeg"}],"author":"FCamara","twitter_card":"summary_large_image","twitter_misc":{"Escrito por":"FCamara","Est. tempo de leitura":"5 minutos"},"schema":{"@context":"https:\/\/schema.org","@graph":[{"@type":"Article","@id":"https:\/\/fcamara.com\/blog\/a-experiencia-de-um-reinvent\/#article","isPartOf":{"@id":"https:\/\/fcamara.com\/blog\/a-experiencia-de-um-reinvent\/"},"author":{"name":"FCamara","@id":"https:\/\/fcamara.com\/blog\/#\/schema\/person\/31fd30b4025f857a93de804f3d73851a"},"headline":"A experi\u00eancia de um re:Invent","datePublished":"2019-01-04T14:01:13+00:00","dateModified":"2022-12-05T14:39:25+00:00","mainEntityOfPage":{"@id":"https:\/\/fcamara.com\/blog\/a-experiencia-de-um-reinvent\/"},"wordCount":934,"publisher":{"@id":"https:\/\/fcamara.com\/blog\/#organization"},"image":{"@id":"https:\/\/fcamara.com\/blog\/a-experiencia-de-um-reinvent\/#primaryimage"},"thumbnailUrl":"https:\/\/fcamara.com\/blog\/wp-content\/uploads\/2019\/01\/aws-re-invent-2018.jpeg","keywords":["amazon","aws","evento","re:Invent","tecnologia"],"articleSection":["Cloud &amp; Ciberseguran\u00e7a","Outros","Varejo"],"inLanguage":"pt-BR"},{"@type":"WebPage","@id":"https:\/\/fcamara.com\/blog\/a-experiencia-de-um-reinvent\/","url":"https:\/\/fcamara.com\/blog\/a-experiencia-de-um-reinvent\/","name":"A experi\u00eancia de um re:Invent por Joel Backschat- Blog FCamara","isPartOf":{"@id":"https:\/\/fcamara.com\/blog\/#website"},"primaryImageOfPage":{"@id":"https:\/\/fcamara.com\/blog\/a-experiencia-de-um-reinvent\/#primaryimage"},"image":{"@id":"https:\/\/fcamara.com\/blog\/a-experiencia-de-um-reinvent\/#primaryimage"},"thumbnailUrl":"https:\/\/fcamara.com\/blog\/wp-content\/uploads\/2019\/01\/aws-re-invent-2018.jpeg","datePublished":"2019-01-04T14:01:13+00:00","dateModified":"2022-12-05T14:39:25+00:00","description":"Em novembro tive o prazer de prestigiar de perto o re:Invent, evento coordenado pela Amazon que \u00e9 um espet\u00e1culo para o conhecimento e para os olhos.","breadcrumb":{"@id":"https:\/\/fcamara.com\/blog\/a-experiencia-de-um-reinvent\/#breadcrumb"},"inLanguage":"pt-BR","potentialAction":[{"@type":"ReadAction","target":["https:\/\/fcamara.com\/blog\/a-experiencia-de-um-reinvent\/"]}]},{"@type":"ImageObject","inLanguage":"pt-BR","@id":"https:\/\/fcamara.com\/blog\/a-experiencia-de-um-reinvent\/#primaryimage","url":"https:\/\/fcamara.com\/blog\/wp-content\/uploads\/2019\/01\/aws-re-invent-2018.jpeg","contentUrl":"https:\/\/fcamara.com\/blog\/wp-content\/uploads\/2019\/01\/aws-re-invent-2018.jpeg","width":2048,"height":1157},{"@type":"BreadcrumbList","@id":"https:\/\/fcamara.com\/blog\/a-experiencia-de-um-reinvent\/#breadcrumb","itemListElement":[{"@type":"ListItem","position":1,"name":"In\u00edcio","item":"https:\/\/fcamara.com\/blog\/"},{"@type":"ListItem","position":2,"name":"Cloud &amp; Ciberseguran\u00e7a","item":"https:\/\/fcamara.com\/blog\/categoria\/cloud-ciberseguranca\/"},{"@type":"ListItem","position":3,"name":"A experi\u00eancia de um re:Invent"}]},{"@type":"WebSite","@id":"https:\/\/fcamara.com\/blog\/#website","url":"https:\/\/fcamara.com\/blog\/","name":"Blog da FCamara","description":"Esta \u00e9 a \u00e1rea de insights sobre o mercado de tecnologia.","publisher":{"@id":"https:\/\/fcamara.com\/blog\/#organization"},"potentialAction":[{"@type":"SearchAction","target":{"@type":"EntryPoint","urlTemplate":"https:\/\/fcamara.com\/blog\/?s={search_term_string}"},"query-input":{"@type":"PropertyValueSpecification","valueRequired":true,"valueName":"search_term_string"}}],"inLanguage":"pt-BR"},{"@type":"Organization","@id":"https:\/\/fcamara.com\/blog\/#organization","name":"Blog da FCamara","url":"https:\/\/fcamara.com\/blog\/","logo":{"@type":"ImageObject","inLanguage":"pt-BR","@id":"https:\/\/fcamara.com\/blog\/#\/schema\/logo\/image\/","url":"https:\/\/fcamara.com\/blog\/wp-content\/uploads\/2024\/07\/FCamara-Blog-laranja.webp","contentUrl":"https:\/\/fcamara.com\/blog\/wp-content\/uploads\/2024\/07\/FCamara-Blog-laranja.webp","width":459,"height":68,"caption":"Blog da FCamara"},"image":{"@id":"https:\/\/fcamara.com\/blog\/#\/schema\/logo\/image\/"}},{"@type":"Person","@id":"https:\/\/fcamara.com\/blog\/#\/schema\/person\/31fd30b4025f857a93de804f3d73851a","name":"FCamara","image":{"@type":"ImageObject","inLanguage":"pt-BR","@id":"https:\/\/secure.gravatar.com\/avatar\/a5d9fbf0e0a80749615937585a2bf0463473729433b0db26ec6eabac55ae3d20?s=96&d=mm&r=g","url":"https:\/\/secure.gravatar.com\/avatar\/a5d9fbf0e0a80749615937585a2bf0463473729433b0db26ec6eabac55ae3d20?s=96&d=mm&r=g","contentUrl":"https:\/\/secure.gravatar.com\/avatar\/a5d9fbf0e0a80749615937585a2bf0463473729433b0db26ec6eabac55ae3d20?s=96&d=mm&r=g","caption":"FCamara"},"sameAs":["https:\/\/fcamara.com\/","https:\/\/www.instagram.com\/grupo.fcamara\/","https:\/\/www.linkedin.com\/company\/grupofcamara\/"],"url":"https:\/\/fcamara.com\/blog\/author\/fcamara\/"}]}},"lang":"br","translations":{"br":2601},"pll_sync_post":[],"_links":{"self":[{"href":"https:\/\/fcamara.com\/blog\/wp-json\/wp\/v2\/posts\/2601","targetHints":{"allow":["GET"]}}],"collection":[{"href":"https:\/\/fcamara.com\/blog\/wp-json\/wp\/v2\/posts"}],"about":[{"href":"https:\/\/fcamara.com\/blog\/wp-json\/wp\/v2\/types\/post"}],"author":[{"embeddable":true,"href":"https:\/\/fcamara.com\/blog\/wp-json\/wp\/v2\/users\/2"}],"replies":[{"embeddable":true,"href":"https:\/\/fcamara.com\/blog\/wp-json\/wp\/v2\/comments?post=2601"}],"version-history":[{"count":1,"href":"https:\/\/fcamara.com\/blog\/wp-json\/wp\/v2\/posts\/2601\/revisions"}],"predecessor-version":[{"id":5884,"href":"https:\/\/fcamara.com\/blog\/wp-json\/wp\/v2\/posts\/2601\/revisions\/5884"}],"wp:featuredmedia":[{"embeddable":true,"href":"https:\/\/fcamara.com\/blog\/wp-json\/wp\/v2\/media\/2441"}],"wp:attachment":[{"href":"https:\/\/fcamara.com\/blog\/wp-json\/wp\/v2\/media?parent=2601"}],"wp:term":[{"taxonomy":"category","embeddable":true,"href":"https:\/\/fcamara.com\/blog\/wp-json\/wp\/v2\/categories?post=2601"},{"taxonomy":"post_tag","embeddable":true,"href":"https:\/\/fcamara.com\/blog\/wp-json\/wp\/v2\/tags?post=2601"},{"taxonomy":"post_series","embeddable":true,"href":"https:\/\/fcamara.com\/blog\/wp-json\/wp\/v2\/post_series?post=2601"}],"curies":[{"name":"wp","href":"https:\/\/api.w.org\/{rel}","templated":true}]}}