{"id":3409,"date":"2019-09-03T16:02:49","date_gmt":"2019-09-03T19:02:49","guid":{"rendered":"http:\/\/blog.fcamara.com.br\/?p=3409"},"modified":"2022-12-05T11:38:50","modified_gmt":"2022-12-05T14:38:50","slug":"setembro-amarelo","status":"publish","type":"post","link":"https:\/\/fcamara.com\/blog\/setembro-amarelo\/","title":{"rendered":"Setembro Amarelo: m\u00eas de preven\u00e7\u00e3o ao suic\u00eddio"},"content":{"rendered":"<h2><strong>Como tudo come\u00e7ou?<\/strong><\/h2>\n<p>A campanha do Setembro Amarelo foi criada no Brasil\u00a0em 2015 pelo CVV \u2013 <a href=\"https:\/\/www.cvv.org.br\/\">Centro de Valoriza\u00e7\u00e3o da Vida<\/a>, CFM \u2013 <a href=\"https:\/\/portal.cfm.org.br\/\">Conselho Federal de Medicina<\/a> e ABP \u2013 <a href=\"https:\/\/www.abp.org.br\/\">Associa\u00e7\u00e3o Brasileira de Psiquiatria<\/a>, com a proposta de associar \u00e0 cor ao m\u00eas que marca o <strong>Dia Mundial de Preven\u00e7\u00e3o do Suic\u00eddio,<\/strong> no dia 10 de Setembro!<\/p>\n<p style=\"text-align: left;\">Em termos globais, anualmente s\u00e3o registradas em torno de <strong>800.000<\/strong> v\u00edtimas de suic\u00eddio, apesar do movimento feito nas redes sociais e televis\u00e3o, a realidade \u00e9 que raras s\u00e3o as vezes que se fala sobre suic\u00eddio no ambiente de <strong>trabalho.<\/strong><\/p>\n<h2><strong>Como reconhecer uma pessoa com pensamentos suicidas no ambiente de trabalho?<\/strong><\/h2>\n<p style=\"text-align: left;\">\u00c9 indispens\u00e1vel que as empresas realizem atividades preventivas que permitam diminuir o \u00edndice de impactos emocionais e garantam um espa\u00e7o sadio para seus colaboradores.<br \/>\nAqui alguns exemplos que podemos identificar:<\/p>\n<ul style=\"list-style-type: disc;\">\n<li>Quando o\u00a0des\u00e2nimo\u00a0toma conta.<\/li>\n<li>Mudan\u00e7a dr\u00e1sticas de humor.<\/li>\n<li>Surgimento de acontecimentos que tenha causado um impacto traum\u00e1tico.<\/li>\n<li>Avisos verbais de sentimentos negativos sobre viver.<\/li>\n<li>Condutas autodestrutivas, dentro e fora do ambiente de trabalho.<\/li>\n<\/ul>\n<h3 style=\"text-align: left;\"><strong>Como prevenir o suic\u00eddio no ambiente de trabalho?<\/strong><\/h3>\n<ul style=\"list-style-type: disc;\">\n<li style=\"text-align: left;\">Um lugar sem julgamentos sobre seu estado f\u00edsico ou mental.<\/li>\n<li style=\"text-align: left;\">Promover uma comunica\u00e7\u00e3o clara e objetiva dentro da empresa.<\/li>\n<li style=\"text-align: left;\">Que o seu colaborar tenha a sensa\u00e7\u00e3o de ser e pertencer ao seu local de trabalho.<\/li>\n<li style=\"text-align: left;\">Garantir normativas que assegurem que a <a href=\"https:\/\/blog.fcamara.com.br\/orgulho-de-ser-fcamara\/\">diversidade<\/a> seja bem-vinda.<\/li>\n<li style=\"text-align: left;\">Instruir sobre a preven\u00e7\u00e3o de suic\u00eddios para os colaboradores garantindo, assim, o apoio m\u00fatuo.<\/li>\n<li style=\"text-align: left;\">Pratique a empatia e d\u00ea suporte para aqueles que mais precisam.<\/li>\n<li style=\"text-align: left;\">Educar para ajudar a reconhecer os problemas de sa\u00fade mental, incluindo os sinais de advert\u00eancia de suic\u00eddio.<\/li>\n<\/ul>\n<h4>Voc\u00ea sabia?<\/h4>\n<p>O CVV \u2013 Centro de Valoriza\u00e7\u00e3o da Vida, realiza apoio emocional e preven\u00e7\u00e3o do suic\u00eddio, em todo territ\u00f3rio brasileiro, a liga\u00e7\u00e3o em parceria com o SUS \u00e9 gratuita e mant\u00e9m total sigilo. Ligue para o n\u00famero 188 de qualquer linha telef\u00f4nica fixa ou celular.\u00a0Caso queria conversar por chat, basta clicar neste <a href=\"https:\/\/www.cvv.org.br\/\">link!<\/a><\/p>\n<p>Voc\u00ea tamb\u00e9m pode procurar seu colega de trabalho, estamos sempre dispostos a ajudar.<\/p>\n<p><center><strong>Prevenir \u00e9 sempre o melhor caminho!<\/strong><\/center><\/p>\n","protected":false},"excerpt":{"rendered":"<p>Como tudo come\u00e7ou? A campanha do Setembro Amarelo foi criada no Brasil\u00a0em 2015 pelo CVV \u2013 Centro de Valoriza\u00e7\u00e3o da Vida, CFM \u2013 Conselho Federal de Medicina e ABP \u2013 Associa\u00e7\u00e3o Brasileira de Psiquiatria, com a proposta de associar \u00e0 cor ao m\u00eas que marca o Dia Mundial de Preven\u00e7\u00e3o do Suic\u00eddio, no dia 10&hellip;<\/p>\n","protected":false},"author":2,"featured_media":3412,"comment_status":"open","ping_status":"open","sticky":false,"template":"","format":"standard","meta":{"footnotes":""},"categories":[352],"tags":[111,112],"post_series":[],"class_list":["post-3409","post","type-post","status-publish","format-standard","has-post-thumbnail","hentry","category-outros","tag-ambientedetrabalho","tag-depressao","entry","has-media"],"yoast_head":"<!-- This site is optimized with the Yoast SEO plugin v27.2 - https:\/\/yoast.com\/product\/yoast-seo-wordpress\/ -->\n<title>Setembro Amarelo: O que fazer com a depress\u00e3o no trabalho?<\/title>\n<meta name=\"description\" content=\"Voc\u00ea sabia que a Organiza\u00e7\u00e3o Mundial da Sa\u00fade (OMS) considera a depress\u00e3o como o &quot;Mal do S\u00e9culo&quot;. Confira nesta publica\u00e7\u00e3o sobre a depress\u00e3o no trabalho:\" \/>\n<meta name=\"robots\" content=\"index, follow, max-snippet:-1, max-image-preview:large, max-video-preview:-1\" \/>\n<link rel=\"canonical\" href=\"https:\/\/fcamara.com\/blog\/setembro-amarelo\/\" \/>\n<meta property=\"og:locale\" content=\"pt_BR\" \/>\n<meta property=\"og:type\" content=\"article\" \/>\n<meta property=\"og:title\" content=\"Setembro Amarelo: O que fazer com a depress\u00e3o no trabalho?\" \/>\n<meta property=\"og:description\" content=\"Voc\u00ea sabia que a Organiza\u00e7\u00e3o Mundial da Sa\u00fade (OMS) considera a depress\u00e3o como o &quot;Mal do S\u00e9culo&quot;. Confira nesta publica\u00e7\u00e3o sobre a depress\u00e3o no trabalho:\" \/>\n<meta property=\"og:url\" content=\"https:\/\/fcamara.com\/blog\/setembro-amarelo\/\" \/>\n<meta property=\"og:site_name\" content=\"Blog da FCamara\" \/>\n<meta property=\"article:published_time\" content=\"2019-09-03T19:02:49+00:00\" \/>\n<meta property=\"article:modified_time\" content=\"2022-12-05T14:38:50+00:00\" \/>\n<meta property=\"og:image\" content=\"https:\/\/fcamara.com\/blog\/wp-content\/uploads\/2019\/09\/40608109_1116990661798842_7147338073221627904_n.jpg\" \/>\n\t<meta property=\"og:image:width\" content=\"960\" \/>\n\t<meta property=\"og:image:height\" content=\"530\" \/>\n\t<meta property=\"og:image:type\" content=\"image\/jpeg\" \/>\n<meta name=\"author\" content=\"FCamara\" \/>\n<meta name=\"twitter:card\" content=\"summary_large_image\" \/>\n<meta name=\"twitter:label1\" content=\"Escrito por\" \/>\n\t<meta name=\"twitter:data1\" content=\"FCamara\" \/>\n\t<meta name=\"twitter:label2\" content=\"Est. tempo de leitura\" \/>\n\t<meta name=\"twitter:data2\" content=\"2 minutos\" \/>\n<script type=\"application\/ld+json\" class=\"yoast-schema-graph\">{\"@context\":\"https:\/\/schema.org\",\"@graph\":[{\"@type\":\"Article\",\"@id\":\"https:\/\/fcamara.com\/blog\/setembro-amarelo\/#article\",\"isPartOf\":{\"@id\":\"https:\/\/fcamara.com\/blog\/setembro-amarelo\/\"},\"author\":{\"name\":\"FCamara\",\"@id\":\"https:\/\/fcamara.com\/blog\/#\/schema\/person\/31fd30b4025f857a93de804f3d73851a\"},\"headline\":\"Setembro Amarelo: m\u00eas de preven\u00e7\u00e3o ao suic\u00eddio\",\"datePublished\":\"2019-09-03T19:02:49+00:00\",\"dateModified\":\"2022-12-05T14:38:50+00:00\",\"mainEntityOfPage\":{\"@id\":\"https:\/\/fcamara.com\/blog\/setembro-amarelo\/\"},\"wordCount\":374,\"commentCount\":0,\"publisher\":{\"@id\":\"https:\/\/fcamara.com\/blog\/#organization\"},\"image\":{\"@id\":\"https:\/\/fcamara.com\/blog\/setembro-amarelo\/#primaryimage\"},\"thumbnailUrl\":\"https:\/\/fcamara.com\/blog\/wp-content\/uploads\/2019\/09\/40608109_1116990661798842_7147338073221627904_n.jpg\",\"keywords\":[\"#ambientedetrabalho\",\"#depressao\"],\"articleSection\":[\"Outros\"],\"inLanguage\":\"pt-BR\",\"potentialAction\":[{\"@type\":\"CommentAction\",\"name\":\"Comment\",\"target\":[\"https:\/\/fcamara.com\/blog\/setembro-amarelo\/#respond\"]}]},{\"@type\":\"WebPage\",\"@id\":\"https:\/\/fcamara.com\/blog\/setembro-amarelo\/\",\"url\":\"https:\/\/fcamara.com\/blog\/setembro-amarelo\/\",\"name\":\"Setembro Amarelo: O que fazer com a depress\u00e3o no trabalho?\",\"isPartOf\":{\"@id\":\"https:\/\/fcamara.com\/blog\/#website\"},\"primaryImageOfPage\":{\"@id\":\"https:\/\/fcamara.com\/blog\/setembro-amarelo\/#primaryimage\"},\"image\":{\"@id\":\"https:\/\/fcamara.com\/blog\/setembro-amarelo\/#primaryimage\"},\"thumbnailUrl\":\"https:\/\/fcamara.com\/blog\/wp-content\/uploads\/2019\/09\/40608109_1116990661798842_7147338073221627904_n.jpg\",\"datePublished\":\"2019-09-03T19:02:49+00:00\",\"dateModified\":\"2022-12-05T14:38:50+00:00\",\"description\":\"Voc\u00ea sabia que a Organiza\u00e7\u00e3o Mundial da Sa\u00fade (OMS) considera a depress\u00e3o como o \\\"Mal do S\u00e9culo\\\". Confira nesta publica\u00e7\u00e3o sobre a depress\u00e3o no trabalho:\",\"breadcrumb\":{\"@id\":\"https:\/\/fcamara.com\/blog\/setembro-amarelo\/#breadcrumb\"},\"inLanguage\":\"pt-BR\",\"potentialAction\":[{\"@type\":\"ReadAction\",\"target\":[\"https:\/\/fcamara.com\/blog\/setembro-amarelo\/\"]}]},{\"@type\":\"ImageObject\",\"inLanguage\":\"pt-BR\",\"@id\":\"https:\/\/fcamara.com\/blog\/setembro-amarelo\/#primaryimage\",\"url\":\"https:\/\/fcamara.com\/blog\/wp-content\/uploads\/2019\/09\/40608109_1116990661798842_7147338073221627904_n.jpg\",\"contentUrl\":\"https:\/\/fcamara.com\/blog\/wp-content\/uploads\/2019\/09\/40608109_1116990661798842_7147338073221627904_n.jpg\",\"width\":960,\"height\":530},{\"@type\":\"BreadcrumbList\",\"@id\":\"https:\/\/fcamara.com\/blog\/setembro-amarelo\/#breadcrumb\",\"itemListElement\":[{\"@type\":\"ListItem\",\"position\":1,\"name\":\"In\u00edcio\",\"item\":\"https:\/\/fcamara.com\/blog\/\"},{\"@type\":\"ListItem\",\"position\":2,\"name\":\"gloss\u00e1rio\",\"item\":\"https:\/\/fcamara.com\/blog\/tags\/glossario\/\"},{\"@type\":\"ListItem\",\"position\":3,\"name\":\"Setembro Amarelo: m\u00eas de preven\u00e7\u00e3o ao suic\u00eddio\"}]},{\"@type\":\"WebSite\",\"@id\":\"https:\/\/fcamara.com\/blog\/#website\",\"url\":\"https:\/\/fcamara.com\/blog\/\",\"name\":\"Blog da FCamara\",\"description\":\"Esta \u00e9 a \u00e1rea de insights sobre o mercado de tecnologia.\",\"publisher\":{\"@id\":\"https:\/\/fcamara.com\/blog\/#organization\"},\"potentialAction\":[{\"@type\":\"SearchAction\",\"target\":{\"@type\":\"EntryPoint\",\"urlTemplate\":\"https:\/\/fcamara.com\/blog\/?s={search_term_string}\"},\"query-input\":{\"@type\":\"PropertyValueSpecification\",\"valueRequired\":true,\"valueName\":\"search_term_string\"}}],\"inLanguage\":\"pt-BR\"},{\"@type\":\"Organization\",\"@id\":\"https:\/\/fcamara.com\/blog\/#organization\",\"name\":\"Blog da FCamara\",\"url\":\"https:\/\/fcamara.com\/blog\/\",\"logo\":{\"@type\":\"ImageObject\",\"inLanguage\":\"pt-BR\",\"@id\":\"https:\/\/fcamara.com\/blog\/#\/schema\/logo\/image\/\",\"url\":\"https:\/\/fcamara.com\/blog\/wp-content\/uploads\/2024\/07\/FCamara-Blog-laranja.webp\",\"contentUrl\":\"https:\/\/fcamara.com\/blog\/wp-content\/uploads\/2024\/07\/FCamara-Blog-laranja.webp\",\"width\":459,\"height\":68,\"caption\":\"Blog da FCamara\"},\"image\":{\"@id\":\"https:\/\/fcamara.com\/blog\/#\/schema\/logo\/image\/\"}},{\"@type\":\"Person\",\"@id\":\"https:\/\/fcamara.com\/blog\/#\/schema\/person\/31fd30b4025f857a93de804f3d73851a\",\"name\":\"FCamara\",\"image\":{\"@type\":\"ImageObject\",\"inLanguage\":\"pt-BR\",\"@id\":\"https:\/\/secure.gravatar.com\/avatar\/a5d9fbf0e0a80749615937585a2bf0463473729433b0db26ec6eabac55ae3d20?s=96&d=mm&r=g\",\"url\":\"https:\/\/secure.gravatar.com\/avatar\/a5d9fbf0e0a80749615937585a2bf0463473729433b0db26ec6eabac55ae3d20?s=96&d=mm&r=g\",\"contentUrl\":\"https:\/\/secure.gravatar.com\/avatar\/a5d9fbf0e0a80749615937585a2bf0463473729433b0db26ec6eabac55ae3d20?s=96&d=mm&r=g\",\"caption\":\"FCamara\"},\"sameAs\":[\"https:\/\/fcamara.com\/\",\"https:\/\/www.instagram.com\/grupo.fcamara\/\",\"https:\/\/www.linkedin.com\/company\/grupofcamara\/\"],\"url\":\"https:\/\/fcamara.com\/blog\/author\/fcamara\/\"}]}<\/script>\n<!-- \/ Yoast SEO plugin. -->","yoast_head_json":{"title":"Setembro Amarelo: O que fazer com a depress\u00e3o no trabalho?","description":"Voc\u00ea sabia que a Organiza\u00e7\u00e3o Mundial da Sa\u00fade (OMS) considera a depress\u00e3o como o \"Mal do S\u00e9culo\". Confira nesta publica\u00e7\u00e3o sobre a depress\u00e3o no trabalho:","robots":{"index":"index","follow":"follow","max-snippet":"max-snippet:-1","max-image-preview":"max-image-preview:large","max-video-preview":"max-video-preview:-1"},"canonical":"https:\/\/fcamara.com\/blog\/setembro-amarelo\/","og_locale":"pt_BR","og_type":"article","og_title":"Setembro Amarelo: O que fazer com a depress\u00e3o no trabalho?","og_description":"Voc\u00ea sabia que a Organiza\u00e7\u00e3o Mundial da Sa\u00fade (OMS) considera a depress\u00e3o como o \"Mal do S\u00e9culo\". Confira nesta publica\u00e7\u00e3o sobre a depress\u00e3o no trabalho:","og_url":"https:\/\/fcamara.com\/blog\/setembro-amarelo\/","og_site_name":"Blog da FCamara","article_published_time":"2019-09-03T19:02:49+00:00","article_modified_time":"2022-12-05T14:38:50+00:00","og_image":[{"width":960,"height":530,"url":"https:\/\/fcamara.com\/blog\/wp-content\/uploads\/2019\/09\/40608109_1116990661798842_7147338073221627904_n.jpg","type":"image\/jpeg"}],"author":"FCamara","twitter_card":"summary_large_image","twitter_misc":{"Escrito por":"FCamara","Est. tempo de leitura":"2 minutos"},"schema":{"@context":"https:\/\/schema.org","@graph":[{"@type":"Article","@id":"https:\/\/fcamara.com\/blog\/setembro-amarelo\/#article","isPartOf":{"@id":"https:\/\/fcamara.com\/blog\/setembro-amarelo\/"},"author":{"name":"FCamara","@id":"https:\/\/fcamara.com\/blog\/#\/schema\/person\/31fd30b4025f857a93de804f3d73851a"},"headline":"Setembro Amarelo: m\u00eas de preven\u00e7\u00e3o ao suic\u00eddio","datePublished":"2019-09-03T19:02:49+00:00","dateModified":"2022-12-05T14:38:50+00:00","mainEntityOfPage":{"@id":"https:\/\/fcamara.com\/blog\/setembro-amarelo\/"},"wordCount":374,"commentCount":0,"publisher":{"@id":"https:\/\/fcamara.com\/blog\/#organization"},"image":{"@id":"https:\/\/fcamara.com\/blog\/setembro-amarelo\/#primaryimage"},"thumbnailUrl":"https:\/\/fcamara.com\/blog\/wp-content\/uploads\/2019\/09\/40608109_1116990661798842_7147338073221627904_n.jpg","keywords":["#ambientedetrabalho","#depressao"],"articleSection":["Outros"],"inLanguage":"pt-BR","potentialAction":[{"@type":"CommentAction","name":"Comment","target":["https:\/\/fcamara.com\/blog\/setembro-amarelo\/#respond"]}]},{"@type":"WebPage","@id":"https:\/\/fcamara.com\/blog\/setembro-amarelo\/","url":"https:\/\/fcamara.com\/blog\/setembro-amarelo\/","name":"Setembro Amarelo: O que fazer com a depress\u00e3o no trabalho?","isPartOf":{"@id":"https:\/\/fcamara.com\/blog\/#website"},"primaryImageOfPage":{"@id":"https:\/\/fcamara.com\/blog\/setembro-amarelo\/#primaryimage"},"image":{"@id":"https:\/\/fcamara.com\/blog\/setembro-amarelo\/#primaryimage"},"thumbnailUrl":"https:\/\/fcamara.com\/blog\/wp-content\/uploads\/2019\/09\/40608109_1116990661798842_7147338073221627904_n.jpg","datePublished":"2019-09-03T19:02:49+00:00","dateModified":"2022-12-05T14:38:50+00:00","description":"Voc\u00ea sabia que a Organiza\u00e7\u00e3o Mundial da Sa\u00fade (OMS) considera a depress\u00e3o como o \"Mal do S\u00e9culo\". Confira nesta publica\u00e7\u00e3o sobre a depress\u00e3o no trabalho:","breadcrumb":{"@id":"https:\/\/fcamara.com\/blog\/setembro-amarelo\/#breadcrumb"},"inLanguage":"pt-BR","potentialAction":[{"@type":"ReadAction","target":["https:\/\/fcamara.com\/blog\/setembro-amarelo\/"]}]},{"@type":"ImageObject","inLanguage":"pt-BR","@id":"https:\/\/fcamara.com\/blog\/setembro-amarelo\/#primaryimage","url":"https:\/\/fcamara.com\/blog\/wp-content\/uploads\/2019\/09\/40608109_1116990661798842_7147338073221627904_n.jpg","contentUrl":"https:\/\/fcamara.com\/blog\/wp-content\/uploads\/2019\/09\/40608109_1116990661798842_7147338073221627904_n.jpg","width":960,"height":530},{"@type":"BreadcrumbList","@id":"https:\/\/fcamara.com\/blog\/setembro-amarelo\/#breadcrumb","itemListElement":[{"@type":"ListItem","position":1,"name":"In\u00edcio","item":"https:\/\/fcamara.com\/blog\/"},{"@type":"ListItem","position":2,"name":"gloss\u00e1rio","item":"https:\/\/fcamara.com\/blog\/tags\/glossario\/"},{"@type":"ListItem","position":3,"name":"Setembro Amarelo: m\u00eas de preven\u00e7\u00e3o ao suic\u00eddio"}]},{"@type":"WebSite","@id":"https:\/\/fcamara.com\/blog\/#website","url":"https:\/\/fcamara.com\/blog\/","name":"Blog da FCamara","description":"Esta \u00e9 a \u00e1rea de insights sobre o mercado de tecnologia.","publisher":{"@id":"https:\/\/fcamara.com\/blog\/#organization"},"potentialAction":[{"@type":"SearchAction","target":{"@type":"EntryPoint","urlTemplate":"https:\/\/fcamara.com\/blog\/?s={search_term_string}"},"query-input":{"@type":"PropertyValueSpecification","valueRequired":true,"valueName":"search_term_string"}}],"inLanguage":"pt-BR"},{"@type":"Organization","@id":"https:\/\/fcamara.com\/blog\/#organization","name":"Blog da FCamara","url":"https:\/\/fcamara.com\/blog\/","logo":{"@type":"ImageObject","inLanguage":"pt-BR","@id":"https:\/\/fcamara.com\/blog\/#\/schema\/logo\/image\/","url":"https:\/\/fcamara.com\/blog\/wp-content\/uploads\/2024\/07\/FCamara-Blog-laranja.webp","contentUrl":"https:\/\/fcamara.com\/blog\/wp-content\/uploads\/2024\/07\/FCamara-Blog-laranja.webp","width":459,"height":68,"caption":"Blog da FCamara"},"image":{"@id":"https:\/\/fcamara.com\/blog\/#\/schema\/logo\/image\/"}},{"@type":"Person","@id":"https:\/\/fcamara.com\/blog\/#\/schema\/person\/31fd30b4025f857a93de804f3d73851a","name":"FCamara","image":{"@type":"ImageObject","inLanguage":"pt-BR","@id":"https:\/\/secure.gravatar.com\/avatar\/a5d9fbf0e0a80749615937585a2bf0463473729433b0db26ec6eabac55ae3d20?s=96&d=mm&r=g","url":"https:\/\/secure.gravatar.com\/avatar\/a5d9fbf0e0a80749615937585a2bf0463473729433b0db26ec6eabac55ae3d20?s=96&d=mm&r=g","contentUrl":"https:\/\/secure.gravatar.com\/avatar\/a5d9fbf0e0a80749615937585a2bf0463473729433b0db26ec6eabac55ae3d20?s=96&d=mm&r=g","caption":"FCamara"},"sameAs":["https:\/\/fcamara.com\/","https:\/\/www.instagram.com\/grupo.fcamara\/","https:\/\/www.linkedin.com\/company\/grupofcamara\/"],"url":"https:\/\/fcamara.com\/blog\/author\/fcamara\/"}]}},"lang":"br","translations":{"br":3409},"pll_sync_post":[],"_links":{"self":[{"href":"https:\/\/fcamara.com\/blog\/wp-json\/wp\/v2\/posts\/3409","targetHints":{"allow":["GET"]}}],"collection":[{"href":"https:\/\/fcamara.com\/blog\/wp-json\/wp\/v2\/posts"}],"about":[{"href":"https:\/\/fcamara.com\/blog\/wp-json\/wp\/v2\/types\/post"}],"author":[{"embeddable":true,"href":"https:\/\/fcamara.com\/blog\/wp-json\/wp\/v2\/users\/2"}],"replies":[{"embeddable":true,"href":"https:\/\/fcamara.com\/blog\/wp-json\/wp\/v2\/comments?post=3409"}],"version-history":[{"count":1,"href":"https:\/\/fcamara.com\/blog\/wp-json\/wp\/v2\/posts\/3409\/revisions"}],"predecessor-version":[{"id":6111,"href":"https:\/\/fcamara.com\/blog\/wp-json\/wp\/v2\/posts\/3409\/revisions\/6111"}],"wp:featuredmedia":[{"embeddable":true,"href":"https:\/\/fcamara.com\/blog\/wp-json\/wp\/v2\/media\/3412"}],"wp:attachment":[{"href":"https:\/\/fcamara.com\/blog\/wp-json\/wp\/v2\/media?parent=3409"}],"wp:term":[{"taxonomy":"category","embeddable":true,"href":"https:\/\/fcamara.com\/blog\/wp-json\/wp\/v2\/categories?post=3409"},{"taxonomy":"post_tag","embeddable":true,"href":"https:\/\/fcamara.com\/blog\/wp-json\/wp\/v2\/tags?post=3409"},{"taxonomy":"post_series","embeddable":true,"href":"https:\/\/fcamara.com\/blog\/wp-json\/wp\/v2\/post_series?post=3409"}],"curies":[{"name":"wp","href":"https:\/\/api.w.org\/{rel}","templated":true}]}}