{"id":3716,"date":"2019-11-06T19:57:50","date_gmt":"2019-11-06T22:57:50","guid":{"rendered":"http:\/\/blog.fcamara.com.br\/?p=3716"},"modified":"2026-04-22T19:25:05","modified_gmt":"2026-04-22T22:25:05","slug":"quais-sao-as-metricas-e-indicadores-ageis-de-um-sprint","status":"publish","type":"post","link":"https:\/\/fcamara.com\/blog\/quais-sao-as-metricas-e-indicadores-ageis-de-um-sprint\/","title":{"rendered":"Quais s\u00e3o as m\u00e9tricas e indicadores \u00e1geis de um sprint?"},"content":{"rendered":"\r\n<p>Estabelecer as m\u00e9tricas de um sprint \u00e9 fundamental para acompanhar sua evolu\u00e7\u00e3o e medir a qualidade das entregas, bem como o envolvimento do time e a agilidade dos processos.\u00a0<\/p>\r\n\r\n\r\n\r\n<p>Mas quais s\u00e3o estas m\u00e9tricas e indicadores? Para estabelecer KPIs, \u00e9 preciso analisar cada parte do projeto \u2013 o time, as demandas e expectativas do cliente, o prazo \u2013 considerando as diferentes fases e mapeando os poss\u00edveis gargalos no processo.<\/p>\r\n\r\n\r\n\r\n<p>Al\u00e9m disso, existem ferramentas de pr\u00e1ticas \u00e1geis, como a XP, a Kanban e a Scrum, que conseguem mensurar o tempo de cada etapa e criar mecanismos para acelerar os processos sem comprometer a qualidade das entregas, considerando as imprevisibilidades e desenhando novas tarefas e a\u00e7\u00f5es, adaptando o modelo de acordo com as demandas.<\/p>\r\n\r\n\r\n\r\n<p><a href=\"https:\/\/fcamara.com\/blog\/entenda-a-metodologia-scrum\/\" target=\"_blank\" rel=\"noreferrer noopener\" aria-label=\"[Entenda a metodologia SCRUM e como ela pode ajudar seu neg\u00f3cio] (opens in a new tab)\"><strong>[Entenda a metodologia SCRUM e como ela pode ajudar seu neg\u00f3cio]<\/strong><\/a><\/p>\r\n\r\n\r\n\r\n<p><strong>Roda \u00c1gil<\/strong><\/p>\r\n\r\n\r\n\r\n<p>A Roda \u00c1gil \u00e9 uma avalia\u00e7\u00e3o de compet\u00eancias \u2013 tamb\u00e9m chamada de\u00a0<em>Assessment<\/em>\u00a0\u2013 que mensura a maturidade do time em rela\u00e7\u00e3o ao objetivo e \u00e0 urg\u00eancia de cada demanda, bem como o n\u00edvel de autonomia de cada profissional. Ela se baseia nos quatro dom\u00ednios da agilidade: Cultural, Organizacional, T\u00e9cnico e Neg\u00f3cios. Cada um destes dom\u00ednios t\u00eam pontos espec\u00edficos \u2013 como Interdisciplinaridade, ritmo das entregas, automa\u00e7\u00f5es, User Experience, entre outros -, que podem variar a cada\u00a0<em>sprint<\/em>.<\/p>\r\n\r\n\r\n\r\n<p><a href=\"https:\/\/fcamara.com\/blog\/blueprint-e-metodologia-agil\/\" target=\"_blank\" rel=\"noreferrer noopener\" aria-label=\"[Blueprint e metodologia \u00e1gil: pensar no usu\u00e1rio muda tudo] (opens in a new tab)\"><strong>[Blueprint e metodologia \u00e1gil: pensar no usu\u00e1rio muda tudo]<\/strong><\/a><\/p>\r\n\r\n\r\n\r\n<p>Na FCamara desenvolvemos e adaptamos ferramentas personalizadas para cada sprint:<\/p>\r\n\r\n\r\n\r\n<p><strong>Acompanhando o sprint<\/strong><\/p>\r\n\r\n\r\n\r\n<p><strong>Roadmap<\/strong><\/p>\r\n\r\n\r\n\r\n<p>Por meio deste \u201cmapa\u201d das entregas do projeto, \u00e9 poss\u00edvel definir, documentar e atualizar as entregas de cada sprint, bem como identificar poss\u00edveis gargalos, realizar o acompanhamento de m\u00e9tricas e avan\u00e7os do\u00a0<em>lead time<\/em>.<\/p>\r\n\r\n\r\n\r\n<p><strong>Radar de Ader\u00eancia \u00c1gil<\/strong><\/p>\r\n\r\n\r\n\r\n<p>Desenvolvido com base na metodologia Scrum, o Radar de Ader\u00eancia \u00c1gil \u00e9 uma lista de pr\u00e1ticas \u00e1geis, com o objetivo de medir o time em termos de processo e adequa\u00e7\u00e3o \u00e0 metodologia \u00e1gil, considerando os \u00edndices de fundamento, clareza, cultura e performance \u2013 das entregas e das lideran\u00e7as.<\/p>\r\n\r\n\r\n\r\n<p><strong>Mensurando resultados e qualidade \u2013 t\u00e9cnica e de neg\u00f3cios<\/strong><\/p>\r\n\r\n\r\n\r\n<p><strong><em>Feedback Review<\/em><\/strong><\/p>\r\n\r\n\r\n\r\n<p>O Feedback Review possibilita o acompanhamento constante das entregas, bem como a revis\u00e3o dos pontos de melhora em cada fase do projeto.<\/p>\r\n\r\n\r\n\r\n<p>Estas ferramentas t\u00eam como fun\u00e7\u00e3o, estabelecer e acompanhar os indicadores de sucesso de um sprint, por meio do alinhamento de expectativas e da revis\u00e3o dos processos e das entregas, de acordo com os resultados de cada etapa.<\/p>\r\n\r\n\r\n\r\n<p><strong><em>Easy BI<\/em><\/strong><\/p>\r\n\r\n\r\n\r\n<p>Aplicativo de Business Intelligence que analisa e identifica dados e\u00a0<em>issues<\/em>\u00a0do Jira e prov\u00ea\u00a0<em>dashboards<\/em>, relat\u00f3rios e gr\u00e1ficos para a ferramenta.<\/p>\r\n\r\n\r\n\r\n<p><strong>JMeter<\/strong><\/p>\r\n\r\n\r\n\r\n<p>Esta ferramenta realiza testes de carga e estresse nos recursos \u2013 est\u00e1ticos ou din\u00e2micos \u2013 dos sistemas computacionais, para avaliar a Performance do Sistema.<\/p>\r\n\r\n\r\n\r\n<p>Quando medimos a qualidade de um entrega devemos pensar na Qualidade T\u00e9cnica que inclui o c\u00f3digo, a integra\u00e7\u00e3o e a performance de cada sprint, avaliando a Confiabilidade, a Seguran\u00e7a, a necessidade de Manuten\u00e7\u00e3o e as poss\u00edveis Duplicidades dos c\u00f3digos. Al\u00e9m disso, \u00e9 preciso pensar a Qualidade de Neg\u00f3cio, que, por meio de perguntas relacionadas \u00e0s hist\u00f3rias e demandas de cada\u00a0<em>sprint<\/em>\u00a0\u2013 em um question\u00e1rio de Feedback Review para o cliente -, mensura a qualidade das entregas e o sentimento de valor ao neg\u00f3cio.<\/p>\r\n\r\n\r\n\r\n<p><strong>Medindo o engajamento e a interdisciplinaridade\u00a0<\/strong><\/p>\r\n\r\n\r\n\r\n<p><strong>Matriz de Compet\u00eancias<\/strong><\/p>\r\n\r\n\r\n\r\n<p>Esta ferramenta organiza as compet\u00eancias \u2013 sejam elas t\u00e9cnicas e\/ou de neg\u00f3cios \u2013 que envolvem o projeto, a fim de avaliar o n\u00edvel de conhecimento do time.\u00a0<\/p>\r\n\r\n\r\n\r\n<p><strong>Pr\u00e1tica\u00a0<em>DevOps<\/em><\/strong><\/p>\r\n\r\n\r\n\r\n<p>Pr\u00e1ticas de gest\u00e3o que visam integrar as equipes de\u00a0<strong>Desenvolvimento<\/strong>\u00a0de softwares e\u00a0<strong>Opera\u00e7\u00f5es<\/strong>\u00a0(infraestrutura ou sysadmin) e de automatiza\u00e7\u00e3o de processos para garantir entregas r\u00e1pidas e seguras.\u00a0<\/p>\r\n\r\n\r\n\r\n<p>Com estas ferramentas \u00e9 poss\u00edvel desenvolver a interdisciplinaridade, ao promover a troca de conhecimentos entre os membros da equipe \u2013 de acordo com os saberes de cada um \u2013 definidos em um\u00a0Growth board, com o que quer aprender X o que pode ensinar. O colaborador que domina uma ferramenta pode ensinar aos outros e essa troca \u2013 em agendas talks semanais enriquece o processo.\u00a0<\/p>\r\n\r\n\r\n\r\n<figure class=\"wp-block-image\"><a href=\"https:\/\/digital.fcamara.com.br\/metricas-e-indicadores-ageis\" target=\"_blank\" rel=\"noreferrer noopener\"><img loading=\"lazy\" decoding=\"async\" width=\"600\" height=\"180\" class=\"wp-image-4049\" src=\"https:\/\/blog.fcamara.com.br\/wp-content\/uploads\/2020\/03\/FC-CTA_MetricasAgeis02-1.png\" alt=\"\" srcset=\"https:\/\/fcamara.com\/blog\/wp-content\/uploads\/2020\/03\/FC-CTA_MetricasAgeis02-1.png 600w, https:\/\/fcamara.com\/blog\/wp-content\/uploads\/2020\/03\/FC-CTA_MetricasAgeis02-1-300x90.png 300w\" sizes=\"auto, (max-width: 600px) 100vw, 600px\" \/><\/a><\/figure>\r\n\r\n\r\n\r\n<p>Estas ferramentas podem ajudar a definir as m\u00e9tricas que avaliar\u00e3o seu sprint. Para entender como funciona a consultoria da FCamara e o desenvolvimento de m\u00e9tricas personalizadas,\u00a0<strong><a href=\"https:\/\/fcamara.com.br\/contato\" target=\"_blank\" rel=\"noreferrer noopener\">fale conosco<\/a><\/strong>!<\/p>\r\n","protected":false},"excerpt":{"rendered":"<p>Estabelecer as m\u00e9tricas de um sprint \u00e9 fundamental para acompanhar sua evolu\u00e7\u00e3o e medir a qualidade das entregas, bem como o envolvimento do time e a agilidade dos processos.\u00a0 Mas quais s\u00e3o estas m\u00e9tricas e indicadores? Para estabelecer KPIs, \u00e9 preciso analisar cada parte do projeto \u2013 o time, as demandas e expectativas do cliente,&hellip;<\/p>\n","protected":false},"author":2,"featured_media":3732,"comment_status":"open","ping_status":"open","sticky":false,"template":"","format":"standard","meta":{"footnotes":""},"categories":[349],"tags":[62,114,3,115,116,117,118,119,120,121],"post_series":[],"class_list":["post-3716","post","type-post","status-publish","format-standard","has-post-thumbnail","hentry","category-varejo","tag-cultura","tag-demandas","tag-fcamara","tag-indicadores","tag-kpis","tag-metricas","tag-negocios","tag-processos","tag-roda-agil","tag-sprint","entry","has-media"],"yoast_head":"<!-- This site is optimized with the Yoast SEO plugin v27.2 - https:\/\/yoast.com\/product\/yoast-seo-wordpress\/ -->\n<title>Blog da FCamara - Quais s\u00e3o as m\u00e9tricas e indicadores \u00e1geis de um sprint?<\/title>\n<meta name=\"robots\" content=\"index, follow, max-snippet:-1, max-image-preview:large, max-video-preview:-1\" \/>\n<link rel=\"canonical\" href=\"https:\/\/fcamara.com\/blog\/quais-sao-as-metricas-e-indicadores-ageis-de-um-sprint\/\" \/>\n<meta property=\"og:locale\" content=\"pt_BR\" \/>\n<meta property=\"og:type\" content=\"article\" \/>\n<meta property=\"og:title\" content=\"Blog da FCamara - Quais s\u00e3o as m\u00e9tricas e indicadores \u00e1geis de um sprint?\" \/>\n<meta property=\"og:description\" content=\"Estabelecer as m\u00e9tricas de um sprint \u00e9 fundamental para acompanhar sua evolu\u00e7\u00e3o e medir a qualidade das entregas, bem como o envolvimento do time e a agilidade dos processos.\u00a0 Mas quais s\u00e3o estas m\u00e9tricas e indicadores? Para estabelecer KPIs, \u00e9 preciso analisar cada parte do projeto \u2013 o time, as demandas e expectativas do cliente,&hellip;\" \/>\n<meta property=\"og:url\" content=\"https:\/\/fcamara.com\/blog\/quais-sao-as-metricas-e-indicadores-ageis-de-um-sprint\/\" \/>\n<meta property=\"og:site_name\" content=\"Blog da FCamara\" \/>\n<meta property=\"article:published_time\" content=\"2019-11-06T22:57:50+00:00\" \/>\n<meta property=\"article:modified_time\" content=\"2026-04-22T22:25:05+00:00\" \/>\n<meta property=\"og:image\" content=\"https:\/\/fcamara.com\/blog\/wp-content\/uploads\/2019\/11\/metricas-e-indicadores-ageis.jpeg\" \/>\n\t<meta property=\"og:image:width\" content=\"626\" \/>\n\t<meta property=\"og:image:height\" content=\"358\" \/>\n\t<meta property=\"og:image:type\" content=\"image\/jpeg\" \/>\n<meta name=\"author\" content=\"FCamara\" \/>\n<meta name=\"twitter:card\" content=\"summary_large_image\" \/>\n<meta name=\"twitter:label1\" content=\"Escrito por\" \/>\n\t<meta name=\"twitter:data1\" content=\"FCamara\" \/>\n\t<meta name=\"twitter:label2\" content=\"Est. tempo de leitura\" \/>\n\t<meta name=\"twitter:data2\" content=\"5 minutos\" \/>\n<script type=\"application\/ld+json\" class=\"yoast-schema-graph\">{\"@context\":\"https:\/\/schema.org\",\"@graph\":[{\"@type\":\"Article\",\"@id\":\"https:\/\/fcamara.com\/blog\/quais-sao-as-metricas-e-indicadores-ageis-de-um-sprint\/#article\",\"isPartOf\":{\"@id\":\"https:\/\/fcamara.com\/blog\/quais-sao-as-metricas-e-indicadores-ageis-de-um-sprint\/\"},\"author\":{\"name\":\"FCamara\",\"@id\":\"https:\/\/fcamara.com\/blog\/#\/schema\/person\/31fd30b4025f857a93de804f3d73851a\"},\"headline\":\"Quais s\u00e3o as m\u00e9tricas e indicadores \u00e1geis de um sprint?\",\"datePublished\":\"2019-11-06T22:57:50+00:00\",\"dateModified\":\"2026-04-22T22:25:05+00:00\",\"mainEntityOfPage\":{\"@id\":\"https:\/\/fcamara.com\/blog\/quais-sao-as-metricas-e-indicadores-ageis-de-um-sprint\/\"},\"wordCount\":741,\"commentCount\":0,\"publisher\":{\"@id\":\"https:\/\/fcamara.com\/blog\/#organization\"},\"image\":{\"@id\":\"https:\/\/fcamara.com\/blog\/quais-sao-as-metricas-e-indicadores-ageis-de-um-sprint\/#primaryimage\"},\"thumbnailUrl\":\"https:\/\/fcamara.com\/blog\/wp-content\/uploads\/2019\/11\/metricas-e-indicadores-ageis.jpeg\",\"keywords\":[\"cultura\",\"demandas\",\"FCamara\",\"indicadores\",\"kpis\",\"m\u00e9tricas\",\"neg\u00f3cios\",\"processos\",\"roda \u00e1gil\",\"sprint\"],\"articleSection\":[\"Varejo\"],\"inLanguage\":\"pt-BR\",\"potentialAction\":[{\"@type\":\"CommentAction\",\"name\":\"Comment\",\"target\":[\"https:\/\/fcamara.com\/blog\/quais-sao-as-metricas-e-indicadores-ageis-de-um-sprint\/#respond\"]}]},{\"@type\":\"WebPage\",\"@id\":\"https:\/\/fcamara.com\/blog\/quais-sao-as-metricas-e-indicadores-ageis-de-um-sprint\/\",\"url\":\"https:\/\/fcamara.com\/blog\/quais-sao-as-metricas-e-indicadores-ageis-de-um-sprint\/\",\"name\":\"Blog da FCamara - Quais s\u00e3o as m\u00e9tricas e indicadores \u00e1geis de um sprint?\",\"isPartOf\":{\"@id\":\"https:\/\/fcamara.com\/blog\/#website\"},\"primaryImageOfPage\":{\"@id\":\"https:\/\/fcamara.com\/blog\/quais-sao-as-metricas-e-indicadores-ageis-de-um-sprint\/#primaryimage\"},\"image\":{\"@id\":\"https:\/\/fcamara.com\/blog\/quais-sao-as-metricas-e-indicadores-ageis-de-um-sprint\/#primaryimage\"},\"thumbnailUrl\":\"https:\/\/fcamara.com\/blog\/wp-content\/uploads\/2019\/11\/metricas-e-indicadores-ageis.jpeg\",\"datePublished\":\"2019-11-06T22:57:50+00:00\",\"dateModified\":\"2026-04-22T22:25:05+00:00\",\"breadcrumb\":{\"@id\":\"https:\/\/fcamara.com\/blog\/quais-sao-as-metricas-e-indicadores-ageis-de-um-sprint\/#breadcrumb\"},\"inLanguage\":\"pt-BR\",\"potentialAction\":[{\"@type\":\"ReadAction\",\"target\":[\"https:\/\/fcamara.com\/blog\/quais-sao-as-metricas-e-indicadores-ageis-de-um-sprint\/\"]}]},{\"@type\":\"ImageObject\",\"inLanguage\":\"pt-BR\",\"@id\":\"https:\/\/fcamara.com\/blog\/quais-sao-as-metricas-e-indicadores-ageis-de-um-sprint\/#primaryimage\",\"url\":\"https:\/\/fcamara.com\/blog\/wp-content\/uploads\/2019\/11\/metricas-e-indicadores-ageis.jpeg\",\"contentUrl\":\"https:\/\/fcamara.com\/blog\/wp-content\/uploads\/2019\/11\/metricas-e-indicadores-ageis.jpeg\",\"width\":626,\"height\":358},{\"@type\":\"BreadcrumbList\",\"@id\":\"https:\/\/fcamara.com\/blog\/quais-sao-as-metricas-e-indicadores-ageis-de-um-sprint\/#breadcrumb\",\"itemListElement\":[{\"@type\":\"ListItem\",\"position\":1,\"name\":\"In\u00edcio\",\"item\":\"https:\/\/fcamara.com\/blog\/\"},{\"@type\":\"ListItem\",\"position\":2,\"name\":\"Varejo\",\"item\":\"https:\/\/fcamara.com\/blog\/categoria\/varejo\/\"},{\"@type\":\"ListItem\",\"position\":3,\"name\":\"Quais s\u00e3o as m\u00e9tricas e indicadores \u00e1geis de um sprint?\"}]},{\"@type\":\"WebSite\",\"@id\":\"https:\/\/fcamara.com\/blog\/#website\",\"url\":\"https:\/\/fcamara.com\/blog\/\",\"name\":\"Blog da FCamara\",\"description\":\"Esta \u00e9 a \u00e1rea de insights sobre o mercado de tecnologia.\",\"publisher\":{\"@id\":\"https:\/\/fcamara.com\/blog\/#organization\"},\"potentialAction\":[{\"@type\":\"SearchAction\",\"target\":{\"@type\":\"EntryPoint\",\"urlTemplate\":\"https:\/\/fcamara.com\/blog\/?s={search_term_string}\"},\"query-input\":{\"@type\":\"PropertyValueSpecification\",\"valueRequired\":true,\"valueName\":\"search_term_string\"}}],\"inLanguage\":\"pt-BR\"},{\"@type\":\"Organization\",\"@id\":\"https:\/\/fcamara.com\/blog\/#organization\",\"name\":\"Blog da FCamara\",\"url\":\"https:\/\/fcamara.com\/blog\/\",\"logo\":{\"@type\":\"ImageObject\",\"inLanguage\":\"pt-BR\",\"@id\":\"https:\/\/fcamara.com\/blog\/#\/schema\/logo\/image\/\",\"url\":\"https:\/\/fcamara.com\/blog\/wp-content\/uploads\/2024\/07\/FCamara-Blog-laranja.webp\",\"contentUrl\":\"https:\/\/fcamara.com\/blog\/wp-content\/uploads\/2024\/07\/FCamara-Blog-laranja.webp\",\"width\":459,\"height\":68,\"caption\":\"Blog da FCamara\"},\"image\":{\"@id\":\"https:\/\/fcamara.com\/blog\/#\/schema\/logo\/image\/\"}},{\"@type\":\"Person\",\"@id\":\"https:\/\/fcamara.com\/blog\/#\/schema\/person\/31fd30b4025f857a93de804f3d73851a\",\"name\":\"FCamara\",\"image\":{\"@type\":\"ImageObject\",\"inLanguage\":\"pt-BR\",\"@id\":\"https:\/\/secure.gravatar.com\/avatar\/a5d9fbf0e0a80749615937585a2bf0463473729433b0db26ec6eabac55ae3d20?s=96&d=mm&r=g\",\"url\":\"https:\/\/secure.gravatar.com\/avatar\/a5d9fbf0e0a80749615937585a2bf0463473729433b0db26ec6eabac55ae3d20?s=96&d=mm&r=g\",\"contentUrl\":\"https:\/\/secure.gravatar.com\/avatar\/a5d9fbf0e0a80749615937585a2bf0463473729433b0db26ec6eabac55ae3d20?s=96&d=mm&r=g\",\"caption\":\"FCamara\"},\"sameAs\":[\"https:\/\/fcamara.com\/\",\"https:\/\/www.instagram.com\/grupo.fcamara\/\",\"https:\/\/www.linkedin.com\/company\/grupofcamara\/\"],\"url\":\"https:\/\/fcamara.com\/blog\/author\/fcamara\/\"}]}<\/script>\n<!-- \/ Yoast SEO plugin. -->","yoast_head_json":{"title":"Blog da FCamara - Quais s\u00e3o as m\u00e9tricas e indicadores \u00e1geis de um sprint?","robots":{"index":"index","follow":"follow","max-snippet":"max-snippet:-1","max-image-preview":"max-image-preview:large","max-video-preview":"max-video-preview:-1"},"canonical":"https:\/\/fcamara.com\/blog\/quais-sao-as-metricas-e-indicadores-ageis-de-um-sprint\/","og_locale":"pt_BR","og_type":"article","og_title":"Blog da FCamara - Quais s\u00e3o as m\u00e9tricas e indicadores \u00e1geis de um sprint?","og_description":"Estabelecer as m\u00e9tricas de um sprint \u00e9 fundamental para acompanhar sua evolu\u00e7\u00e3o e medir a qualidade das entregas, bem como o envolvimento do time e a agilidade dos processos.\u00a0 Mas quais s\u00e3o estas m\u00e9tricas e indicadores? Para estabelecer KPIs, \u00e9 preciso analisar cada parte do projeto \u2013 o time, as demandas e expectativas do cliente,&hellip;","og_url":"https:\/\/fcamara.com\/blog\/quais-sao-as-metricas-e-indicadores-ageis-de-um-sprint\/","og_site_name":"Blog da FCamara","article_published_time":"2019-11-06T22:57:50+00:00","article_modified_time":"2026-04-22T22:25:05+00:00","og_image":[{"width":626,"height":358,"url":"https:\/\/fcamara.com\/blog\/wp-content\/uploads\/2019\/11\/metricas-e-indicadores-ageis.jpeg","type":"image\/jpeg"}],"author":"FCamara","twitter_card":"summary_large_image","twitter_misc":{"Escrito por":"FCamara","Est. tempo de leitura":"5 minutos"},"schema":{"@context":"https:\/\/schema.org","@graph":[{"@type":"Article","@id":"https:\/\/fcamara.com\/blog\/quais-sao-as-metricas-e-indicadores-ageis-de-um-sprint\/#article","isPartOf":{"@id":"https:\/\/fcamara.com\/blog\/quais-sao-as-metricas-e-indicadores-ageis-de-um-sprint\/"},"author":{"name":"FCamara","@id":"https:\/\/fcamara.com\/blog\/#\/schema\/person\/31fd30b4025f857a93de804f3d73851a"},"headline":"Quais s\u00e3o as m\u00e9tricas e indicadores \u00e1geis de um sprint?","datePublished":"2019-11-06T22:57:50+00:00","dateModified":"2026-04-22T22:25:05+00:00","mainEntityOfPage":{"@id":"https:\/\/fcamara.com\/blog\/quais-sao-as-metricas-e-indicadores-ageis-de-um-sprint\/"},"wordCount":741,"commentCount":0,"publisher":{"@id":"https:\/\/fcamara.com\/blog\/#organization"},"image":{"@id":"https:\/\/fcamara.com\/blog\/quais-sao-as-metricas-e-indicadores-ageis-de-um-sprint\/#primaryimage"},"thumbnailUrl":"https:\/\/fcamara.com\/blog\/wp-content\/uploads\/2019\/11\/metricas-e-indicadores-ageis.jpeg","keywords":["cultura","demandas","FCamara","indicadores","kpis","m\u00e9tricas","neg\u00f3cios","processos","roda \u00e1gil","sprint"],"articleSection":["Varejo"],"inLanguage":"pt-BR","potentialAction":[{"@type":"CommentAction","name":"Comment","target":["https:\/\/fcamara.com\/blog\/quais-sao-as-metricas-e-indicadores-ageis-de-um-sprint\/#respond"]}]},{"@type":"WebPage","@id":"https:\/\/fcamara.com\/blog\/quais-sao-as-metricas-e-indicadores-ageis-de-um-sprint\/","url":"https:\/\/fcamara.com\/blog\/quais-sao-as-metricas-e-indicadores-ageis-de-um-sprint\/","name":"Blog da FCamara - Quais s\u00e3o as m\u00e9tricas e indicadores \u00e1geis de um sprint?","isPartOf":{"@id":"https:\/\/fcamara.com\/blog\/#website"},"primaryImageOfPage":{"@id":"https:\/\/fcamara.com\/blog\/quais-sao-as-metricas-e-indicadores-ageis-de-um-sprint\/#primaryimage"},"image":{"@id":"https:\/\/fcamara.com\/blog\/quais-sao-as-metricas-e-indicadores-ageis-de-um-sprint\/#primaryimage"},"thumbnailUrl":"https:\/\/fcamara.com\/blog\/wp-content\/uploads\/2019\/11\/metricas-e-indicadores-ageis.jpeg","datePublished":"2019-11-06T22:57:50+00:00","dateModified":"2026-04-22T22:25:05+00:00","breadcrumb":{"@id":"https:\/\/fcamara.com\/blog\/quais-sao-as-metricas-e-indicadores-ageis-de-um-sprint\/#breadcrumb"},"inLanguage":"pt-BR","potentialAction":[{"@type":"ReadAction","target":["https:\/\/fcamara.com\/blog\/quais-sao-as-metricas-e-indicadores-ageis-de-um-sprint\/"]}]},{"@type":"ImageObject","inLanguage":"pt-BR","@id":"https:\/\/fcamara.com\/blog\/quais-sao-as-metricas-e-indicadores-ageis-de-um-sprint\/#primaryimage","url":"https:\/\/fcamara.com\/blog\/wp-content\/uploads\/2019\/11\/metricas-e-indicadores-ageis.jpeg","contentUrl":"https:\/\/fcamara.com\/blog\/wp-content\/uploads\/2019\/11\/metricas-e-indicadores-ageis.jpeg","width":626,"height":358},{"@type":"BreadcrumbList","@id":"https:\/\/fcamara.com\/blog\/quais-sao-as-metricas-e-indicadores-ageis-de-um-sprint\/#breadcrumb","itemListElement":[{"@type":"ListItem","position":1,"name":"In\u00edcio","item":"https:\/\/fcamara.com\/blog\/"},{"@type":"ListItem","position":2,"name":"Varejo","item":"https:\/\/fcamara.com\/blog\/categoria\/varejo\/"},{"@type":"ListItem","position":3,"name":"Quais s\u00e3o as m\u00e9tricas e indicadores \u00e1geis de um sprint?"}]},{"@type":"WebSite","@id":"https:\/\/fcamara.com\/blog\/#website","url":"https:\/\/fcamara.com\/blog\/","name":"Blog da FCamara","description":"Esta \u00e9 a \u00e1rea de insights sobre o mercado de tecnologia.","publisher":{"@id":"https:\/\/fcamara.com\/blog\/#organization"},"potentialAction":[{"@type":"SearchAction","target":{"@type":"EntryPoint","urlTemplate":"https:\/\/fcamara.com\/blog\/?s={search_term_string}"},"query-input":{"@type":"PropertyValueSpecification","valueRequired":true,"valueName":"search_term_string"}}],"inLanguage":"pt-BR"},{"@type":"Organization","@id":"https:\/\/fcamara.com\/blog\/#organization","name":"Blog da FCamara","url":"https:\/\/fcamara.com\/blog\/","logo":{"@type":"ImageObject","inLanguage":"pt-BR","@id":"https:\/\/fcamara.com\/blog\/#\/schema\/logo\/image\/","url":"https:\/\/fcamara.com\/blog\/wp-content\/uploads\/2024\/07\/FCamara-Blog-laranja.webp","contentUrl":"https:\/\/fcamara.com\/blog\/wp-content\/uploads\/2024\/07\/FCamara-Blog-laranja.webp","width":459,"height":68,"caption":"Blog da FCamara"},"image":{"@id":"https:\/\/fcamara.com\/blog\/#\/schema\/logo\/image\/"}},{"@type":"Person","@id":"https:\/\/fcamara.com\/blog\/#\/schema\/person\/31fd30b4025f857a93de804f3d73851a","name":"FCamara","image":{"@type":"ImageObject","inLanguage":"pt-BR","@id":"https:\/\/secure.gravatar.com\/avatar\/a5d9fbf0e0a80749615937585a2bf0463473729433b0db26ec6eabac55ae3d20?s=96&d=mm&r=g","url":"https:\/\/secure.gravatar.com\/avatar\/a5d9fbf0e0a80749615937585a2bf0463473729433b0db26ec6eabac55ae3d20?s=96&d=mm&r=g","contentUrl":"https:\/\/secure.gravatar.com\/avatar\/a5d9fbf0e0a80749615937585a2bf0463473729433b0db26ec6eabac55ae3d20?s=96&d=mm&r=g","caption":"FCamara"},"sameAs":["https:\/\/fcamara.com\/","https:\/\/www.instagram.com\/grupo.fcamara\/","https:\/\/www.linkedin.com\/company\/grupofcamara\/"],"url":"https:\/\/fcamara.com\/blog\/author\/fcamara\/"}]}},"lang":"br","translations":{"br":3716},"pll_sync_post":[],"_links":{"self":[{"href":"https:\/\/fcamara.com\/blog\/wp-json\/wp\/v2\/posts\/3716","targetHints":{"allow":["GET"]}}],"collection":[{"href":"https:\/\/fcamara.com\/blog\/wp-json\/wp\/v2\/posts"}],"about":[{"href":"https:\/\/fcamara.com\/blog\/wp-json\/wp\/v2\/types\/post"}],"author":[{"embeddable":true,"href":"https:\/\/fcamara.com\/blog\/wp-json\/wp\/v2\/users\/2"}],"replies":[{"embeddable":true,"href":"https:\/\/fcamara.com\/blog\/wp-json\/wp\/v2\/comments?post=3716"}],"version-history":[{"count":2,"href":"https:\/\/fcamara.com\/blog\/wp-json\/wp\/v2\/posts\/3716\/revisions"}],"predecessor-version":[{"id":9185,"href":"https:\/\/fcamara.com\/blog\/wp-json\/wp\/v2\/posts\/3716\/revisions\/9185"}],"wp:featuredmedia":[{"embeddable":true,"href":"https:\/\/fcamara.com\/blog\/wp-json\/wp\/v2\/media\/3732"}],"wp:attachment":[{"href":"https:\/\/fcamara.com\/blog\/wp-json\/wp\/v2\/media?parent=3716"}],"wp:term":[{"taxonomy":"category","embeddable":true,"href":"https:\/\/fcamara.com\/blog\/wp-json\/wp\/v2\/categories?post=3716"},{"taxonomy":"post_tag","embeddable":true,"href":"https:\/\/fcamara.com\/blog\/wp-json\/wp\/v2\/tags?post=3716"},{"taxonomy":"post_series","embeddable":true,"href":"https:\/\/fcamara.com\/blog\/wp-json\/wp\/v2\/post_series?post=3716"}],"curies":[{"name":"wp","href":"https:\/\/api.w.org\/{rel}","templated":true}]}}