{"id":5416,"date":"2022-07-20T11:22:34","date_gmt":"2022-07-20T14:22:34","guid":{"rendered":"https:\/\/blog.fcamara.com.br\/?p=5416"},"modified":"2022-12-05T11:39:25","modified_gmt":"2022-12-05T14:39:25","slug":"grupo-fcamara-traz-full-digital-commerce-para-o-forum-e-commerce-brasil","status":"publish","type":"post","link":"https:\/\/fcamara.com\/blog\/grupo-fcamara-traz-full-digital-commerce-para-o-forum-e-commerce-brasil\/","title":{"rendered":"Grupo FCamara traz Full Digital Commerce para o F\u00f3rum E-commerce Brasil"},"content":{"rendered":"\n<p>A estrat\u00e9gia que acompanha a jornada de com\u00e9rcio digital de ponta a ponta, o <strong><em>Full Digital Commerce<\/em><\/strong>, j\u00e1 \u00e9 realidade e ser\u00e1 apresentada na <strong><a href=\"https:\/\/blog.fcamara.com.br\/forum-ecommerce-brasil-2022\/\" target=\"_blank\" rel=\"noreferrer noopener\">13\u00aa edi\u00e7\u00e3o do F\u00f3rum E-commerce Brasil 2022<\/a> <\/strong>pelo<a href=\"https:\/\/www.fcamara.com.br\/\" target=\"_blank\" rel=\"noreferrer noopener\"> Grupo FCamara<\/a>.&nbsp;<\/p>\n\n\n\n<p>A novidade compreende desde a fase de consultoria de neg\u00f3cios at\u00e9 o <em>growth <\/em>voltado para a melhoria de performance e coloca a empresa como parceira estrat\u00e9gica com vis\u00e3o especializada em toda a jornada para garantir os melhores resultados.<\/p>\n\n\n\n<h2 class=\"wp-block-heading\"><strong>Os pilares do Full Digital Commerce<\/strong><\/h2>\n\n\n\n<p><\/p>\n\n\n\n<p>A estrat\u00e9gia<em> Full Digital Commerce <\/em>\u00e9 estruturada em tr\u00eas pilares: estrat\u00e9gia, implementa\u00e7\u00e3o &amp; opera\u00e7\u00e3o e growth.&nbsp;<\/p>\n\n\n\n<ul class=\"wp-block-list\"><li>1. <strong>Estrat\u00e9gia:<\/strong> consultoria de neg\u00f3cios e defini\u00e7\u00e3o de solu\u00e7\u00f5es personalizadas. Nesta fase, o time de especialistas identifica todos os desafios, oportunidades e objetivos do neg\u00f3cio, e com uma vis\u00e3o 360\u00ba, tem assertividade para apresentar as melhores estrat\u00e9gias.<br><\/li><li>2. <strong>Implementa\u00e7\u00e3o &amp; Opera\u00e7\u00e3o:<\/strong> envolve a implementa\u00e7\u00e3o e migra\u00e7\u00e3o do ecossistema digital, integra\u00e7\u00e3o de diferentes canais, marketplace, hiper automa\u00e7\u00e3o de processos, solu\u00e7\u00f5es financeiras, plataformas de<em> cloud<\/em>, prote\u00e7\u00e3o de dados, entre outras solu\u00e7\u00f5es.<br><\/li><li>3. <strong>Growth<\/strong>: gera\u00e7\u00e3o e an\u00e1lise de dados estrat\u00e9gicos para evolu\u00e7\u00e3o cont\u00ednua da loja online. Algumas das solu\u00e7\u00f5es que envolvem essa fase da jornada s\u00e3o: intelig\u00eancia artificial, CRO, Marketing CRM e <em>Lead Generation<\/em>.&nbsp;<br><\/li><\/ul>\n\n\n\n<h2 class=\"wp-block-heading\"><strong>Grupo FCamara \u00e9 pioneiro na Inicia\u00e7\u00e3o de Pagamentos<\/strong><\/h2>\n\n\n\n<p><br>Uma das grandes novidades que o <strong>Grupo FCamara<\/strong> apresentar\u00e1 dentro da jornada do <em>Full Digital Commerce<\/em>, \u00e9 o<strong> Iniciador de Pagamentos<\/strong> integrado ao checkout. Essa \u00e9 a mais nova forma de pagamento via PIX no e-commerce que, at\u00e9 ent\u00e3o, estava apenas em homologa\u00e7\u00e3o entre as institui\u00e7\u00f5es financeiras e agora passa a estar dispon\u00edvel para o com\u00e9rcio digital.<\/p>\n\n\n\n<p>A jornada de inicia\u00e7\u00e3o de pagamento reduz as etapas para conclus\u00e3o de pagamento via PIX. Atualmente esse processo consiste em at\u00e9 dez etapas que envolvem o cliente sair do e-commerce e acessar o seu internet banking para efetivar o pagamento. A partir da solu\u00e7\u00e3o de Inicia\u00e7\u00e3o de Pagamento do Grupo FCamara, o processo \u00e9 reduzido para apenas 4 etapas dentro do pr\u00f3prio checkout, promovendo in\u00fameros benef\u00edcios na jornada do consumidor, como:<\/p>\n\n\n\n<ul class=\"wp-block-list\"><li> Redu\u00e7\u00e3o de at\u00e9 50% do tempo de checkout com PIX;<\/li><li>O consumidor n\u00e3o precisa sair do ambiente de compra para realizar o pagamento, simplificando sua jornada no e-commerce;<\/li><li>Redu\u00e7\u00e3o do abandono de carrinho e, consequentemente, aumento de convers\u00e3o.<\/li><\/ul>\n\n\n\n<p>Dessa forma, o grupo FCamara une seu know how de Embedded Finance \u00e0 expertise em <em>Digital Commerce<\/em> para seguir inovando e gerando novas oportunidades estrat\u00e9gicas para seus clientes.<\/p>\n\n\n\n<h2 class=\"wp-block-heading\"><strong>O Grupo FCamara no F\u00f3rum E-commerce Brasil<\/strong><\/h2>\n\n\n\n<p>A estrat\u00e9gia <strong>Full Digital Commerce integra tecnologia, inova\u00e7\u00e3o e processos<\/strong> em todas as etapas da opera\u00e7\u00e3o, promovendo a transforma\u00e7\u00e3o digital em diversos segmentos, como: varejo, ind\u00fastria, servi\u00e7os, financeiro, sa\u00fade, seguros, hospitalidade e entretenimento, tech e m\u00eddia.<br><br>O Grupo FCamara estar\u00e1 presente nos dois dias do F\u00f3rum E-Commerce Brasil, em 26 e 27 de julho das 8h \u00e0s 19h30, com um estande exclusivo e time de especialistas&nbsp; que apresentar\u00e3o todos os benef\u00edcios de uma opera\u00e7\u00e3o <em>Full Digital Commerce<\/em> e as solu\u00e7\u00f5es que envolvem a jornada do com\u00e9rcio digital, incluindo a participa\u00e7\u00e3o das empresas do grupo, <a href=\"https:\/\/fcnuvem.com.br\/\" target=\"_blank\" rel=\"noreferrer noopener\">FC Nuvem<\/a> e <a href=\"https:\/\/omnik.com.br\/\" target=\"_blank\" rel=\"noreferrer noopener\">Omnik<\/a>. Ao fim do primeiro dia,<strong> a empresa ainda promover\u00e1 um <em>Happy Hour<\/em> <\/strong>em seu estande. <\/p>\n\n\n\n<p><strong>O evento, atualmente, \u00e9 o maior do segmento de e-commerce da Am\u00e9rica Latina<\/strong>&nbsp;e acontecer\u00e1 no Transam\u00e9rica Expo Center, em S\u00e3o Paulo.<\/p>\n\n\n\n<h2 class=\"wp-block-heading\"><strong>Como ir ao evento com desconto?<\/strong><\/h2>\n\n\n\n<p>Em s\u00edntese, o F\u00f3rum ser\u00e1 imperd\u00edvel para quem quer fechar neg\u00f3cios.&nbsp;Agora, voc\u00ea sabe que o F\u00f3rum E-commerce ser\u00e1 importante para fazer networking e conferir as \u00faltimas tend\u00eancias do com\u00e9rcio eletr\u00f4nico. Que tal participar?&nbsp;<\/p>\n\n\n\n<p>O Grupo FCamara tem um&nbsp;<strong>cupom de desconto<\/strong>&nbsp;exclusivo. Para garantir sua entrada, basta&nbsp;<a href=\"https:\/\/eventos.ecommercebrasil.com.br\/forum\/?coupon=F22FCAMARA&amp;utm_source=fcamara&amp;utm_medium=social&amp;utm_campaign=forum&amp;utm_content=forum_ecbr22_fcamara#inscricoes\" target=\"_blank\" rel=\"noreferrer noopener\">clicar aqui&nbsp;<\/a>e aplicar o cupom&nbsp;<strong>F22FCAMARA <\/strong>(v\u00e1lido at\u00e9 22\/07\/2022)<strong>.<\/strong>&nbsp;Bom evento!<\/p>\n","protected":false},"excerpt":{"rendered":"<p>A estrat\u00e9gia que acompanha a jornada de com\u00e9rcio digital de ponta a ponta, o Full Digital Commerce, j\u00e1 \u00e9 realidade e ser\u00e1 apresentada na 13\u00aa edi\u00e7\u00e3o do F\u00f3rum E-commerce Brasil 2022 pelo Grupo FCamara.&nbsp; A novidade compreende desde a fase de consultoria de neg\u00f3cios at\u00e9 o growth voltado para a melhoria de performance e coloca&hellip;<\/p>\n","protected":false},"author":2,"featured_media":5418,"comment_status":"open","ping_status":"open","sticky":false,"template":"","format":"standard","meta":{"footnotes":""},"categories":[240,352,349],"tags":[],"post_series":[],"class_list":["post-5416","post","type-post","status-publish","format-standard","has-post-thumbnail","hentry","category-inovacao","category-outros","category-varejo","entry","has-media"],"yoast_head":"<!-- This site is optimized with the Yoast SEO plugin v27.2 - https:\/\/yoast.com\/product\/yoast-seo-wordpress\/ -->\n<title>Grupo FCamara traz Full Digital Commerce para o F\u00f3rum E-commerce Brasil - Blog da FCamara<\/title>\n<meta name=\"robots\" content=\"index, follow, max-snippet:-1, max-image-preview:large, max-video-preview:-1\" \/>\n<link rel=\"canonical\" href=\"https:\/\/fcamara.com\/blog\/grupo-fcamara-traz-full-digital-commerce-para-o-forum-e-commerce-brasil\/\" \/>\n<meta property=\"og:locale\" content=\"pt_BR\" \/>\n<meta property=\"og:type\" content=\"article\" \/>\n<meta property=\"og:title\" content=\"Grupo FCamara traz Full Digital Commerce para o F\u00f3rum E-commerce Brasil - Blog da FCamara\" \/>\n<meta property=\"og:description\" content=\"A estrat\u00e9gia que acompanha a jornada de com\u00e9rcio digital de ponta a ponta, o Full Digital Commerce, j\u00e1 \u00e9 realidade e ser\u00e1 apresentada na 13\u00aa edi\u00e7\u00e3o do F\u00f3rum E-commerce Brasil 2022 pelo Grupo FCamara.&nbsp; A novidade compreende desde a fase de consultoria de neg\u00f3cios at\u00e9 o growth voltado para a melhoria de performance e coloca&hellip;\" \/>\n<meta property=\"og:url\" content=\"https:\/\/fcamara.com\/blog\/grupo-fcamara-traz-full-digital-commerce-para-o-forum-e-commerce-brasil\/\" \/>\n<meta property=\"og:site_name\" content=\"Blog da FCamara\" \/>\n<meta property=\"article:published_time\" content=\"2022-07-20T14:22:34+00:00\" \/>\n<meta property=\"article:modified_time\" content=\"2022-12-05T14:39:25+00:00\" \/>\n<meta property=\"og:image\" content=\"https:\/\/fcamara.com\/blog\/wp-content\/uploads\/2022\/07\/Blog-FullDigital.png\" \/>\n\t<meta property=\"og:image:width\" content=\"1280\" \/>\n\t<meta property=\"og:image:height\" content=\"668\" \/>\n\t<meta property=\"og:image:type\" content=\"image\/png\" \/>\n<meta name=\"author\" content=\"FCamara\" \/>\n<meta name=\"twitter:card\" content=\"summary_large_image\" \/>\n<meta name=\"twitter:label1\" content=\"Escrito por\" \/>\n\t<meta name=\"twitter:data1\" content=\"FCamara\" \/>\n\t<meta name=\"twitter:label2\" content=\"Est. tempo de leitura\" \/>\n\t<meta name=\"twitter:data2\" content=\"3 minutos\" \/>\n<script type=\"application\/ld+json\" class=\"yoast-schema-graph\">{\"@context\":\"https:\/\/schema.org\",\"@graph\":[{\"@type\":\"Article\",\"@id\":\"https:\/\/fcamara.com\/blog\/grupo-fcamara-traz-full-digital-commerce-para-o-forum-e-commerce-brasil\/#article\",\"isPartOf\":{\"@id\":\"https:\/\/fcamara.com\/blog\/grupo-fcamara-traz-full-digital-commerce-para-o-forum-e-commerce-brasil\/\"},\"author\":{\"name\":\"FCamara\",\"@id\":\"https:\/\/fcamara.com\/blog\/#\/schema\/person\/31fd30b4025f857a93de804f3d73851a\"},\"headline\":\"Grupo FCamara traz Full Digital Commerce para o F\u00f3rum E-commerce Brasil\",\"datePublished\":\"2022-07-20T14:22:34+00:00\",\"dateModified\":\"2022-12-05T14:39:25+00:00\",\"mainEntityOfPage\":{\"@id\":\"https:\/\/fcamara.com\/blog\/grupo-fcamara-traz-full-digital-commerce-para-o-forum-e-commerce-brasil\/\"},\"wordCount\":694,\"commentCount\":0,\"publisher\":{\"@id\":\"https:\/\/fcamara.com\/blog\/#organization\"},\"image\":{\"@id\":\"https:\/\/fcamara.com\/blog\/grupo-fcamara-traz-full-digital-commerce-para-o-forum-e-commerce-brasil\/#primaryimage\"},\"thumbnailUrl\":\"https:\/\/fcamara.com\/blog\/wp-content\/uploads\/2022\/07\/Blog-FullDigital.png\",\"articleSection\":[\"Inova\u00e7\u00e3o\",\"Outros\",\"Varejo\"],\"inLanguage\":\"pt-BR\",\"potentialAction\":[{\"@type\":\"CommentAction\",\"name\":\"Comment\",\"target\":[\"https:\/\/fcamara.com\/blog\/grupo-fcamara-traz-full-digital-commerce-para-o-forum-e-commerce-brasil\/#respond\"]}]},{\"@type\":\"WebPage\",\"@id\":\"https:\/\/fcamara.com\/blog\/grupo-fcamara-traz-full-digital-commerce-para-o-forum-e-commerce-brasil\/\",\"url\":\"https:\/\/fcamara.com\/blog\/grupo-fcamara-traz-full-digital-commerce-para-o-forum-e-commerce-brasil\/\",\"name\":\"Grupo FCamara traz Full Digital Commerce para o F\u00f3rum E-commerce Brasil - Blog da FCamara\",\"isPartOf\":{\"@id\":\"https:\/\/fcamara.com\/blog\/#website\"},\"primaryImageOfPage\":{\"@id\":\"https:\/\/fcamara.com\/blog\/grupo-fcamara-traz-full-digital-commerce-para-o-forum-e-commerce-brasil\/#primaryimage\"},\"image\":{\"@id\":\"https:\/\/fcamara.com\/blog\/grupo-fcamara-traz-full-digital-commerce-para-o-forum-e-commerce-brasil\/#primaryimage\"},\"thumbnailUrl\":\"https:\/\/fcamara.com\/blog\/wp-content\/uploads\/2022\/07\/Blog-FullDigital.png\",\"datePublished\":\"2022-07-20T14:22:34+00:00\",\"dateModified\":\"2022-12-05T14:39:25+00:00\",\"breadcrumb\":{\"@id\":\"https:\/\/fcamara.com\/blog\/grupo-fcamara-traz-full-digital-commerce-para-o-forum-e-commerce-brasil\/#breadcrumb\"},\"inLanguage\":\"pt-BR\",\"potentialAction\":[{\"@type\":\"ReadAction\",\"target\":[\"https:\/\/fcamara.com\/blog\/grupo-fcamara-traz-full-digital-commerce-para-o-forum-e-commerce-brasil\/\"]}]},{\"@type\":\"ImageObject\",\"inLanguage\":\"pt-BR\",\"@id\":\"https:\/\/fcamara.com\/blog\/grupo-fcamara-traz-full-digital-commerce-para-o-forum-e-commerce-brasil\/#primaryimage\",\"url\":\"https:\/\/fcamara.com\/blog\/wp-content\/uploads\/2022\/07\/Blog-FullDigital.png\",\"contentUrl\":\"https:\/\/fcamara.com\/blog\/wp-content\/uploads\/2022\/07\/Blog-FullDigital.png\",\"width\":1280,\"height\":668},{\"@type\":\"BreadcrumbList\",\"@id\":\"https:\/\/fcamara.com\/blog\/grupo-fcamara-traz-full-digital-commerce-para-o-forum-e-commerce-brasil\/#breadcrumb\",\"itemListElement\":[{\"@type\":\"ListItem\",\"position\":1,\"name\":\"In\u00edcio\",\"item\":\"https:\/\/fcamara.com\/blog\/\"},{\"@type\":\"ListItem\",\"position\":2,\"name\":\"investir em mobilidade\",\"item\":\"https:\/\/fcamara.com\/blog\/tags\/investir-em-mobilidade\/\"},{\"@type\":\"ListItem\",\"position\":3,\"name\":\"Grupo FCamara traz Full Digital Commerce para o F\u00f3rum E-commerce Brasil\"}]},{\"@type\":\"WebSite\",\"@id\":\"https:\/\/fcamara.com\/blog\/#website\",\"url\":\"https:\/\/fcamara.com\/blog\/\",\"name\":\"Blog da FCamara\",\"description\":\"Esta \u00e9 a \u00e1rea de insights sobre o mercado de tecnologia.\",\"publisher\":{\"@id\":\"https:\/\/fcamara.com\/blog\/#organization\"},\"potentialAction\":[{\"@type\":\"SearchAction\",\"target\":{\"@type\":\"EntryPoint\",\"urlTemplate\":\"https:\/\/fcamara.com\/blog\/?s={search_term_string}\"},\"query-input\":{\"@type\":\"PropertyValueSpecification\",\"valueRequired\":true,\"valueName\":\"search_term_string\"}}],\"inLanguage\":\"pt-BR\"},{\"@type\":\"Organization\",\"@id\":\"https:\/\/fcamara.com\/blog\/#organization\",\"name\":\"Blog da FCamara\",\"url\":\"https:\/\/fcamara.com\/blog\/\",\"logo\":{\"@type\":\"ImageObject\",\"inLanguage\":\"pt-BR\",\"@id\":\"https:\/\/fcamara.com\/blog\/#\/schema\/logo\/image\/\",\"url\":\"https:\/\/fcamara.com\/blog\/wp-content\/uploads\/2024\/07\/FCamara-Blog-laranja.webp\",\"contentUrl\":\"https:\/\/fcamara.com\/blog\/wp-content\/uploads\/2024\/07\/FCamara-Blog-laranja.webp\",\"width\":459,\"height\":68,\"caption\":\"Blog da FCamara\"},\"image\":{\"@id\":\"https:\/\/fcamara.com\/blog\/#\/schema\/logo\/image\/\"}},{\"@type\":\"Person\",\"@id\":\"https:\/\/fcamara.com\/blog\/#\/schema\/person\/31fd30b4025f857a93de804f3d73851a\",\"name\":\"FCamara\",\"image\":{\"@type\":\"ImageObject\",\"inLanguage\":\"pt-BR\",\"@id\":\"https:\/\/secure.gravatar.com\/avatar\/a5d9fbf0e0a80749615937585a2bf0463473729433b0db26ec6eabac55ae3d20?s=96&d=mm&r=g\",\"url\":\"https:\/\/secure.gravatar.com\/avatar\/a5d9fbf0e0a80749615937585a2bf0463473729433b0db26ec6eabac55ae3d20?s=96&d=mm&r=g\",\"contentUrl\":\"https:\/\/secure.gravatar.com\/avatar\/a5d9fbf0e0a80749615937585a2bf0463473729433b0db26ec6eabac55ae3d20?s=96&d=mm&r=g\",\"caption\":\"FCamara\"},\"sameAs\":[\"https:\/\/fcamara.com\/\",\"https:\/\/www.instagram.com\/grupo.fcamara\/\",\"https:\/\/www.linkedin.com\/company\/grupofcamara\/\"],\"url\":\"https:\/\/fcamara.com\/blog\/author\/fcamara\/\"}]}<\/script>\n<!-- \/ Yoast SEO plugin. -->","yoast_head_json":{"title":"Grupo FCamara traz Full Digital Commerce para o F\u00f3rum E-commerce Brasil - Blog da FCamara","robots":{"index":"index","follow":"follow","max-snippet":"max-snippet:-1","max-image-preview":"max-image-preview:large","max-video-preview":"max-video-preview:-1"},"canonical":"https:\/\/fcamara.com\/blog\/grupo-fcamara-traz-full-digital-commerce-para-o-forum-e-commerce-brasil\/","og_locale":"pt_BR","og_type":"article","og_title":"Grupo FCamara traz Full Digital Commerce para o F\u00f3rum E-commerce Brasil - Blog da FCamara","og_description":"A estrat\u00e9gia que acompanha a jornada de com\u00e9rcio digital de ponta a ponta, o Full Digital Commerce, j\u00e1 \u00e9 realidade e ser\u00e1 apresentada na 13\u00aa edi\u00e7\u00e3o do F\u00f3rum E-commerce Brasil 2022 pelo Grupo FCamara.&nbsp; A novidade compreende desde a fase de consultoria de neg\u00f3cios at\u00e9 o growth voltado para a melhoria de performance e coloca&hellip;","og_url":"https:\/\/fcamara.com\/blog\/grupo-fcamara-traz-full-digital-commerce-para-o-forum-e-commerce-brasil\/","og_site_name":"Blog da FCamara","article_published_time":"2022-07-20T14:22:34+00:00","article_modified_time":"2022-12-05T14:39:25+00:00","og_image":[{"width":1280,"height":668,"url":"https:\/\/fcamara.com\/blog\/wp-content\/uploads\/2022\/07\/Blog-FullDigital.png","type":"image\/png"}],"author":"FCamara","twitter_card":"summary_large_image","twitter_misc":{"Escrito por":"FCamara","Est. tempo de leitura":"3 minutos"},"schema":{"@context":"https:\/\/schema.org","@graph":[{"@type":"Article","@id":"https:\/\/fcamara.com\/blog\/grupo-fcamara-traz-full-digital-commerce-para-o-forum-e-commerce-brasil\/#article","isPartOf":{"@id":"https:\/\/fcamara.com\/blog\/grupo-fcamara-traz-full-digital-commerce-para-o-forum-e-commerce-brasil\/"},"author":{"name":"FCamara","@id":"https:\/\/fcamara.com\/blog\/#\/schema\/person\/31fd30b4025f857a93de804f3d73851a"},"headline":"Grupo FCamara traz Full Digital Commerce para o F\u00f3rum E-commerce Brasil","datePublished":"2022-07-20T14:22:34+00:00","dateModified":"2022-12-05T14:39:25+00:00","mainEntityOfPage":{"@id":"https:\/\/fcamara.com\/blog\/grupo-fcamara-traz-full-digital-commerce-para-o-forum-e-commerce-brasil\/"},"wordCount":694,"commentCount":0,"publisher":{"@id":"https:\/\/fcamara.com\/blog\/#organization"},"image":{"@id":"https:\/\/fcamara.com\/blog\/grupo-fcamara-traz-full-digital-commerce-para-o-forum-e-commerce-brasil\/#primaryimage"},"thumbnailUrl":"https:\/\/fcamara.com\/blog\/wp-content\/uploads\/2022\/07\/Blog-FullDigital.png","articleSection":["Inova\u00e7\u00e3o","Outros","Varejo"],"inLanguage":"pt-BR","potentialAction":[{"@type":"CommentAction","name":"Comment","target":["https:\/\/fcamara.com\/blog\/grupo-fcamara-traz-full-digital-commerce-para-o-forum-e-commerce-brasil\/#respond"]}]},{"@type":"WebPage","@id":"https:\/\/fcamara.com\/blog\/grupo-fcamara-traz-full-digital-commerce-para-o-forum-e-commerce-brasil\/","url":"https:\/\/fcamara.com\/blog\/grupo-fcamara-traz-full-digital-commerce-para-o-forum-e-commerce-brasil\/","name":"Grupo FCamara traz Full Digital Commerce para o F\u00f3rum E-commerce Brasil - Blog da FCamara","isPartOf":{"@id":"https:\/\/fcamara.com\/blog\/#website"},"primaryImageOfPage":{"@id":"https:\/\/fcamara.com\/blog\/grupo-fcamara-traz-full-digital-commerce-para-o-forum-e-commerce-brasil\/#primaryimage"},"image":{"@id":"https:\/\/fcamara.com\/blog\/grupo-fcamara-traz-full-digital-commerce-para-o-forum-e-commerce-brasil\/#primaryimage"},"thumbnailUrl":"https:\/\/fcamara.com\/blog\/wp-content\/uploads\/2022\/07\/Blog-FullDigital.png","datePublished":"2022-07-20T14:22:34+00:00","dateModified":"2022-12-05T14:39:25+00:00","breadcrumb":{"@id":"https:\/\/fcamara.com\/blog\/grupo-fcamara-traz-full-digital-commerce-para-o-forum-e-commerce-brasil\/#breadcrumb"},"inLanguage":"pt-BR","potentialAction":[{"@type":"ReadAction","target":["https:\/\/fcamara.com\/blog\/grupo-fcamara-traz-full-digital-commerce-para-o-forum-e-commerce-brasil\/"]}]},{"@type":"ImageObject","inLanguage":"pt-BR","@id":"https:\/\/fcamara.com\/blog\/grupo-fcamara-traz-full-digital-commerce-para-o-forum-e-commerce-brasil\/#primaryimage","url":"https:\/\/fcamara.com\/blog\/wp-content\/uploads\/2022\/07\/Blog-FullDigital.png","contentUrl":"https:\/\/fcamara.com\/blog\/wp-content\/uploads\/2022\/07\/Blog-FullDigital.png","width":1280,"height":668},{"@type":"BreadcrumbList","@id":"https:\/\/fcamara.com\/blog\/grupo-fcamara-traz-full-digital-commerce-para-o-forum-e-commerce-brasil\/#breadcrumb","itemListElement":[{"@type":"ListItem","position":1,"name":"In\u00edcio","item":"https:\/\/fcamara.com\/blog\/"},{"@type":"ListItem","position":2,"name":"investir em mobilidade","item":"https:\/\/fcamara.com\/blog\/tags\/investir-em-mobilidade\/"},{"@type":"ListItem","position":3,"name":"Grupo FCamara traz Full Digital Commerce para o F\u00f3rum E-commerce Brasil"}]},{"@type":"WebSite","@id":"https:\/\/fcamara.com\/blog\/#website","url":"https:\/\/fcamara.com\/blog\/","name":"Blog da FCamara","description":"Esta \u00e9 a \u00e1rea de insights sobre o mercado de tecnologia.","publisher":{"@id":"https:\/\/fcamara.com\/blog\/#organization"},"potentialAction":[{"@type":"SearchAction","target":{"@type":"EntryPoint","urlTemplate":"https:\/\/fcamara.com\/blog\/?s={search_term_string}"},"query-input":{"@type":"PropertyValueSpecification","valueRequired":true,"valueName":"search_term_string"}}],"inLanguage":"pt-BR"},{"@type":"Organization","@id":"https:\/\/fcamara.com\/blog\/#organization","name":"Blog da FCamara","url":"https:\/\/fcamara.com\/blog\/","logo":{"@type":"ImageObject","inLanguage":"pt-BR","@id":"https:\/\/fcamara.com\/blog\/#\/schema\/logo\/image\/","url":"https:\/\/fcamara.com\/blog\/wp-content\/uploads\/2024\/07\/FCamara-Blog-laranja.webp","contentUrl":"https:\/\/fcamara.com\/blog\/wp-content\/uploads\/2024\/07\/FCamara-Blog-laranja.webp","width":459,"height":68,"caption":"Blog da FCamara"},"image":{"@id":"https:\/\/fcamara.com\/blog\/#\/schema\/logo\/image\/"}},{"@type":"Person","@id":"https:\/\/fcamara.com\/blog\/#\/schema\/person\/31fd30b4025f857a93de804f3d73851a","name":"FCamara","image":{"@type":"ImageObject","inLanguage":"pt-BR","@id":"https:\/\/secure.gravatar.com\/avatar\/a5d9fbf0e0a80749615937585a2bf0463473729433b0db26ec6eabac55ae3d20?s=96&d=mm&r=g","url":"https:\/\/secure.gravatar.com\/avatar\/a5d9fbf0e0a80749615937585a2bf0463473729433b0db26ec6eabac55ae3d20?s=96&d=mm&r=g","contentUrl":"https:\/\/secure.gravatar.com\/avatar\/a5d9fbf0e0a80749615937585a2bf0463473729433b0db26ec6eabac55ae3d20?s=96&d=mm&r=g","caption":"FCamara"},"sameAs":["https:\/\/fcamara.com\/","https:\/\/www.instagram.com\/grupo.fcamara\/","https:\/\/www.linkedin.com\/company\/grupofcamara\/"],"url":"https:\/\/fcamara.com\/blog\/author\/fcamara\/"}]}},"lang":"br","translations":{"br":5416},"pll_sync_post":[],"_links":{"self":[{"href":"https:\/\/fcamara.com\/blog\/wp-json\/wp\/v2\/posts\/5416","targetHints":{"allow":["GET"]}}],"collection":[{"href":"https:\/\/fcamara.com\/blog\/wp-json\/wp\/v2\/posts"}],"about":[{"href":"https:\/\/fcamara.com\/blog\/wp-json\/wp\/v2\/types\/post"}],"author":[{"embeddable":true,"href":"https:\/\/fcamara.com\/blog\/wp-json\/wp\/v2\/users\/2"}],"replies":[{"embeddable":true,"href":"https:\/\/fcamara.com\/blog\/wp-json\/wp\/v2\/comments?post=5416"}],"version-history":[{"count":1,"href":"https:\/\/fcamara.com\/blog\/wp-json\/wp\/v2\/posts\/5416\/revisions"}],"predecessor-version":[{"id":5864,"href":"https:\/\/fcamara.com\/blog\/wp-json\/wp\/v2\/posts\/5416\/revisions\/5864"}],"wp:featuredmedia":[{"embeddable":true,"href":"https:\/\/fcamara.com\/blog\/wp-json\/wp\/v2\/media\/5418"}],"wp:attachment":[{"href":"https:\/\/fcamara.com\/blog\/wp-json\/wp\/v2\/media?parent=5416"}],"wp:term":[{"taxonomy":"category","embeddable":true,"href":"https:\/\/fcamara.com\/blog\/wp-json\/wp\/v2\/categories?post=5416"},{"taxonomy":"post_tag","embeddable":true,"href":"https:\/\/fcamara.com\/blog\/wp-json\/wp\/v2\/tags?post=5416"},{"taxonomy":"post_series","embeddable":true,"href":"https:\/\/fcamara.com\/blog\/wp-json\/wp\/v2\/post_series?post=5416"}],"curies":[{"name":"wp","href":"https:\/\/api.w.org\/{rel}","templated":true}]}}