{"id":579,"date":"2016-06-28T11:27:33","date_gmt":"2016-06-28T11:27:33","guid":{"rendered":"http:\/\/blog.fcamara.com.br\/?p=579"},"modified":"2022-12-05T12:03:42","modified_gmt":"2022-12-05T15:03:42","slug":"vale-a-pena-integrar-o-e-commerce-com-a-loja-fisica","status":"publish","type":"post","link":"https:\/\/fcamara.com\/blog\/vale-a-pena-integrar-o-e-commerce-com-a-loja-fisica\/","title":{"rendered":"Vale a pena integrar o e-commerce com a loja f\u00edsica da empresa?"},"content":{"rendered":"<p>Neste post, trataremos alguns pontos de an\u00e1lise na hora\u00a0de <strong>integrar o e-commerce<\/strong> com as lojas f\u00edsicas, permitindo que, al\u00e9m de um ponto de venda fixo &#8211; na rua, por exemplo, ou em um shopping &#8211;\u00a0a empresa tenha ainda um modo de comercializar seus produtos \u00e0 dist\u00e2ncia, via internet.<\/p>\n<p>Ainda mais em tempos de crise, integrar solu\u00e7\u00f5es e descobrir novas maneiras de fazer neg\u00f3cios \u00e9 essencial. No entanto, sabemos que toda decis\u00e3o requer an\u00e1lise e planejamento, pois pode influenciar em diversas \u00e1reas do empreendimento e esses reflexos podem ser tanto positivos quanto negativos:<\/p>\n<h2><strong>Para ponderar<\/strong><\/h2>\n<p>O e-commerce, embora exija investimento da empresa em especialistas que possam fazer rodar uma plataforma eficaz e r\u00e1pida para vendas online e com baixas taxas<a href=\"http:\/\/sucessodocliente.com.br\/metricas-saas-churn\/\"> de churn<\/a> (abandonos de carrinho por dificuldades na navega\u00e7\u00e3o ou compra, por exemplo), oferece in\u00fameras vantagens que podem compensar a iniciativa.<\/p>\n<p>Esta medida, em geral, apresenta alguns pontos a serem considerados, mas em geral vale a pena, pois expande as possibilidades da empresa atingir maior p\u00fablico com o com\u00e9rcio online, quebrar barreiras geogr\u00e1ficas podendo atrair consumidores mesmo de bairros distantes (que dificilmente se deslocariam at\u00e9 sua loja f\u00edsica para descobrir os produtos) ou at\u00e9 de outras cidades, reduzindo tamb\u00e9m alguns custos operacionais.<\/p>\n<p>Confira a seguir alguns desses pontos de considera\u00e7\u00e3o:<\/p>\n<ul>\n<li>Um e-commerce tem funcionamento 24h e o cliente n\u00e3o precisa ir \u00e0 loja em determinado hor\u00e1rio ou dia \u00fatil para adquirir um produto. Com acesso \u00e0 internet e por meio de solu\u00e7\u00f5es altamente eficientes agregadas ao site, ele consegue comprar o produto de seu interesse a qualquer momento (mesmo de madrugada), estendendo, com isso, as chances de sua empresa vender a um n\u00famero muito maior de pessoas em ocasi\u00f5es diferentes de como ocorreria apenas em uma loja f\u00edsica, por exemplo. Veja aqui <a href=\"https:\/\/blog.fcamara.com.br\/\/3-solucoes-em-ti-que-voce-precisa-ter-para-o-seu-e-commerce\/\">algumas tecnologias<\/a> que podem alavancar sua loja virtual.<\/li>\n<\/ul>\n<p>&nbsp;<\/p>\n<ul>\n<li>No entanto, embora um e-commerce traga chances de vender muito mais e a uma quantidade bem maior de consumidores, \u00e9 necess\u00e1rio ter total aten\u00e7\u00e3o em rela\u00e7\u00e3o \u00e0 administra\u00e7\u00e3o do site de vendas e ao cruzamento de informa\u00e7\u00f5es com a loja f\u00edsica, pois, por exemplo, um consumidor que encontre dificuldades em comprar pela internet, se depare com um site muito confuso, desorganizado ou dif\u00edcil de mexer, com muitos bugs, pode ficar totalmente desapontado com a loja e abandonar a inten\u00e7\u00e3o de compra quase que imediatamente (por isso \u00e9 necess\u00e1rio investimento em uma boa plataforma);<\/li>\n<\/ul>\n<p>&nbsp;<\/p>\n<ul>\n<li>Da mesma forma, clientes que comprem um produto que, na verdade, n\u00e3o havia em estoque ou que vem com as cores, modelos ou tamanhos divergentes do que foi apresentado na internet, podem ficar extremamente insatisfeitos e gerar problemas e reclama\u00e7\u00f5es para a loja, por isso \u00e9 essencial boa administra\u00e7\u00e3o e estrutura da plataforma de vendas, para haver organiza\u00e7\u00e3o e qualidade no atendimento.<\/li>\n<\/ul>\n<p>&nbsp;<\/p>\n<h2><strong>\u00c9 poss\u00edvel ter simplicidade neste processo?<\/strong><\/h2>\n<p>Uma ideia err\u00f4nea que ainda pode pairar na mente de muitos gestores \u00e9 a de que fazer a integra\u00e7\u00e3o do e-commerce com a loja f\u00edsica e com o site \u00e9 algo dif\u00edcil ou burocr\u00e1tico demais.<\/p>\n<p>Mas a boa not\u00edcia \u00e9 que com a expertise de uma empresa experiente em neg\u00f3cios digitais, especializada no setor e comprometida em oferecer alta disponibilidade para iniciar projetos, este processo se torna mais simples. Isto porque a dificuldade do processo de implementa\u00e7\u00e3o de um e-commerce depende da tecnologia envolvida na plataforma e um desenvolvimento com base em arquitetura s\u00f3lida pode fazer toda a diferen\u00e7a\u00a0(veja mais informa\u00e7\u00f5es em\u00a0<a href=\"https:\/\/blog.fcamara.com.br\/\"><u>nosso site<\/u><\/a>).<\/p>\n<p>Este post te ajudou a esclarecer os principais pontos que devem ser analisados ao optar pela integra\u00e7\u00e3o do e-commerce em seu neg\u00f3cio? Ent\u00e3o\u00a0curta nossa p\u00e1gina no <a href=\"https:\/\/pt-br.facebook.com\/FCamara.FC\"><u>Facebook<\/u><\/a> e fique por dentro de todo o nosso conte\u00fado.<\/p>\n","protected":false},"excerpt":{"rendered":"<p>Neste post, trataremos alguns pontos de an\u00e1lise na hora\u00a0de integrar o e-commerce com as lojas f\u00edsicas, permitindo que, al\u00e9m de um ponto de venda fixo &#8211; na rua, por exemplo, ou em um shopping &#8211;\u00a0a empresa tenha ainda um modo de comercializar seus produtos \u00e0 dist\u00e2ncia, via internet. Ainda mais em tempos de crise, integrar&hellip;<\/p>\n","protected":false},"author":2,"featured_media":581,"comment_status":"open","ping_status":"open","sticky":false,"template":"","format":"standard","meta":{"footnotes":""},"categories":[90,412,349],"tags":[],"post_series":[],"class_list":["post-579","post","type-post","status-publish","format-standard","has-post-thumbnail","hentry","category-cloud-ciberseguranca","category-ecommerce-e-marketplace","category-varejo","entry","has-media"],"yoast_head":"<!-- This site is optimized with the Yoast SEO plugin v27.2 - https:\/\/yoast.com\/product\/yoast-seo-wordpress\/ -->\n<title>Vale a pena integrar o e-commerce com a loja f\u00edsica? - FCamara<\/title>\n<meta name=\"description\" content=\"Descubra se vale a pena para seu neg\u00f3cio integrar o e-commerce com sua loja f\u00edsica. S\u00e3o muitos os desafios mas grandes podem ser os ganhos. Confira!\" \/>\n<meta name=\"robots\" content=\"index, follow, max-snippet:-1, max-image-preview:large, max-video-preview:-1\" \/>\n<link rel=\"canonical\" href=\"https:\/\/fcamara.com\/blog\/vale-a-pena-integrar-o-e-commerce-com-a-loja-fisica\/\" \/>\n<meta property=\"og:locale\" content=\"pt_BR\" \/>\n<meta property=\"og:type\" content=\"article\" \/>\n<meta property=\"og:title\" content=\"Vale a pena integrar o e-commerce com a loja f\u00edsica? - FCamara\" \/>\n<meta property=\"og:description\" content=\"Descubra se vale a pena para seu neg\u00f3cio integrar o e-commerce com sua loja f\u00edsica. S\u00e3o muitos os desafios mas grandes podem ser os ganhos. Confira!\" \/>\n<meta property=\"og:url\" content=\"https:\/\/fcamara.com\/blog\/vale-a-pena-integrar-o-e-commerce-com-a-loja-fisica\/\" \/>\n<meta property=\"og:site_name\" content=\"Blog da FCamara\" \/>\n<meta property=\"article:published_time\" content=\"2016-06-28T11:27:33+00:00\" \/>\n<meta property=\"article:modified_time\" content=\"2022-12-05T15:03:42+00:00\" \/>\n<meta property=\"og:image\" content=\"https:\/\/fcamara.com\/blog\/wp-content\/uploads\/2016\/06\/Vale_a_pena_integrar_o_e-commerce_com_a_loja_fisica_da_empresa.jpg.jpeg\" \/>\n\t<meta property=\"og:image:width\" content=\"1000\" \/>\n\t<meta property=\"og:image:height\" content=\"667\" \/>\n\t<meta property=\"og:image:type\" content=\"image\/jpeg\" \/>\n<meta name=\"author\" content=\"FCamara\" \/>\n<meta name=\"twitter:card\" content=\"summary_large_image\" \/>\n<meta name=\"twitter:label1\" content=\"Escrito por\" \/>\n\t<meta name=\"twitter:data1\" content=\"FCamara\" \/>\n\t<meta name=\"twitter:label2\" content=\"Est. tempo de leitura\" \/>\n\t<meta name=\"twitter:data2\" content=\"3 minutos\" \/>\n<script type=\"application\/ld+json\" class=\"yoast-schema-graph\">{\"@context\":\"https:\/\/schema.org\",\"@graph\":[{\"@type\":\"Article\",\"@id\":\"https:\/\/fcamara.com\/blog\/vale-a-pena-integrar-o-e-commerce-com-a-loja-fisica\/#article\",\"isPartOf\":{\"@id\":\"https:\/\/fcamara.com\/blog\/vale-a-pena-integrar-o-e-commerce-com-a-loja-fisica\/\"},\"author\":{\"name\":\"FCamara\",\"@id\":\"https:\/\/fcamara.com\/blog\/#\/schema\/person\/31fd30b4025f857a93de804f3d73851a\"},\"headline\":\"Vale a pena integrar o e-commerce com a loja f\u00edsica da empresa?\",\"datePublished\":\"2016-06-28T11:27:33+00:00\",\"dateModified\":\"2022-12-05T15:03:42+00:00\",\"mainEntityOfPage\":{\"@id\":\"https:\/\/fcamara.com\/blog\/vale-a-pena-integrar-o-e-commerce-com-a-loja-fisica\/\"},\"wordCount\":661,\"commentCount\":0,\"publisher\":{\"@id\":\"https:\/\/fcamara.com\/blog\/#organization\"},\"image\":{\"@id\":\"https:\/\/fcamara.com\/blog\/vale-a-pena-integrar-o-e-commerce-com-a-loja-fisica\/#primaryimage\"},\"thumbnailUrl\":\"https:\/\/fcamara.com\/blog\/wp-content\/uploads\/2016\/06\/Vale_a_pena_integrar_o_e-commerce_com_a_loja_fisica_da_empresa.jpg.jpeg\",\"articleSection\":[\"Cloud &amp; Ciberseguran\u00e7a\",\"E-commerce &amp; Marketplace\",\"Varejo\"],\"inLanguage\":\"pt-BR\",\"potentialAction\":[{\"@type\":\"CommentAction\",\"name\":\"Comment\",\"target\":[\"https:\/\/fcamara.com\/blog\/vale-a-pena-integrar-o-e-commerce-com-a-loja-fisica\/#respond\"]}]},{\"@type\":\"WebPage\",\"@id\":\"https:\/\/fcamara.com\/blog\/vale-a-pena-integrar-o-e-commerce-com-a-loja-fisica\/\",\"url\":\"https:\/\/fcamara.com\/blog\/vale-a-pena-integrar-o-e-commerce-com-a-loja-fisica\/\",\"name\":\"Vale a pena integrar o e-commerce com a loja f\u00edsica? - FCamara\",\"isPartOf\":{\"@id\":\"https:\/\/fcamara.com\/blog\/#website\"},\"primaryImageOfPage\":{\"@id\":\"https:\/\/fcamara.com\/blog\/vale-a-pena-integrar-o-e-commerce-com-a-loja-fisica\/#primaryimage\"},\"image\":{\"@id\":\"https:\/\/fcamara.com\/blog\/vale-a-pena-integrar-o-e-commerce-com-a-loja-fisica\/#primaryimage\"},\"thumbnailUrl\":\"https:\/\/fcamara.com\/blog\/wp-content\/uploads\/2016\/06\/Vale_a_pena_integrar_o_e-commerce_com_a_loja_fisica_da_empresa.jpg.jpeg\",\"datePublished\":\"2016-06-28T11:27:33+00:00\",\"dateModified\":\"2022-12-05T15:03:42+00:00\",\"description\":\"Descubra se vale a pena para seu neg\u00f3cio integrar o e-commerce com sua loja f\u00edsica. S\u00e3o muitos os desafios mas grandes podem ser os ganhos. Confira!\",\"breadcrumb\":{\"@id\":\"https:\/\/fcamara.com\/blog\/vale-a-pena-integrar-o-e-commerce-com-a-loja-fisica\/#breadcrumb\"},\"inLanguage\":\"pt-BR\",\"potentialAction\":[{\"@type\":\"ReadAction\",\"target\":[\"https:\/\/fcamara.com\/blog\/vale-a-pena-integrar-o-e-commerce-com-a-loja-fisica\/\"]}]},{\"@type\":\"ImageObject\",\"inLanguage\":\"pt-BR\",\"@id\":\"https:\/\/fcamara.com\/blog\/vale-a-pena-integrar-o-e-commerce-com-a-loja-fisica\/#primaryimage\",\"url\":\"https:\/\/fcamara.com\/blog\/wp-content\/uploads\/2016\/06\/Vale_a_pena_integrar_o_e-commerce_com_a_loja_fisica_da_empresa.jpg.jpeg\",\"contentUrl\":\"https:\/\/fcamara.com\/blog\/wp-content\/uploads\/2016\/06\/Vale_a_pena_integrar_o_e-commerce_com_a_loja_fisica_da_empresa.jpg.jpeg\",\"width\":1000,\"height\":667,\"caption\":\"Integrar o E-commerce - FCamara\"},{\"@type\":\"BreadcrumbList\",\"@id\":\"https:\/\/fcamara.com\/blog\/vale-a-pena-integrar-o-e-commerce-com-a-loja-fisica\/#breadcrumb\",\"itemListElement\":[{\"@type\":\"ListItem\",\"position\":1,\"name\":\"In\u00edcio\",\"item\":\"https:\/\/fcamara.com\/blog\/\"},{\"@type\":\"ListItem\",\"position\":2,\"name\":\"Cloud &amp; Ciberseguran\u00e7a\",\"item\":\"https:\/\/fcamara.com\/blog\/categoria\/cloud-ciberseguranca\/\"},{\"@type\":\"ListItem\",\"position\":3,\"name\":\"Vale a pena integrar o e-commerce com a loja f\u00edsica da empresa?\"}]},{\"@type\":\"WebSite\",\"@id\":\"https:\/\/fcamara.com\/blog\/#website\",\"url\":\"https:\/\/fcamara.com\/blog\/\",\"name\":\"Blog da FCamara\",\"description\":\"Esta \u00e9 a \u00e1rea de insights sobre o mercado de tecnologia.\",\"publisher\":{\"@id\":\"https:\/\/fcamara.com\/blog\/#organization\"},\"potentialAction\":[{\"@type\":\"SearchAction\",\"target\":{\"@type\":\"EntryPoint\",\"urlTemplate\":\"https:\/\/fcamara.com\/blog\/?s={search_term_string}\"},\"query-input\":{\"@type\":\"PropertyValueSpecification\",\"valueRequired\":true,\"valueName\":\"search_term_string\"}}],\"inLanguage\":\"pt-BR\"},{\"@type\":\"Organization\",\"@id\":\"https:\/\/fcamara.com\/blog\/#organization\",\"name\":\"Blog da FCamara\",\"url\":\"https:\/\/fcamara.com\/blog\/\",\"logo\":{\"@type\":\"ImageObject\",\"inLanguage\":\"pt-BR\",\"@id\":\"https:\/\/fcamara.com\/blog\/#\/schema\/logo\/image\/\",\"url\":\"https:\/\/fcamara.com\/blog\/wp-content\/uploads\/2024\/07\/FCamara-Blog-laranja.webp\",\"contentUrl\":\"https:\/\/fcamara.com\/blog\/wp-content\/uploads\/2024\/07\/FCamara-Blog-laranja.webp\",\"width\":459,\"height\":68,\"caption\":\"Blog da FCamara\"},\"image\":{\"@id\":\"https:\/\/fcamara.com\/blog\/#\/schema\/logo\/image\/\"}},{\"@type\":\"Person\",\"@id\":\"https:\/\/fcamara.com\/blog\/#\/schema\/person\/31fd30b4025f857a93de804f3d73851a\",\"name\":\"FCamara\",\"image\":{\"@type\":\"ImageObject\",\"inLanguage\":\"pt-BR\",\"@id\":\"https:\/\/secure.gravatar.com\/avatar\/a5d9fbf0e0a80749615937585a2bf0463473729433b0db26ec6eabac55ae3d20?s=96&d=mm&r=g\",\"url\":\"https:\/\/secure.gravatar.com\/avatar\/a5d9fbf0e0a80749615937585a2bf0463473729433b0db26ec6eabac55ae3d20?s=96&d=mm&r=g\",\"contentUrl\":\"https:\/\/secure.gravatar.com\/avatar\/a5d9fbf0e0a80749615937585a2bf0463473729433b0db26ec6eabac55ae3d20?s=96&d=mm&r=g\",\"caption\":\"FCamara\"},\"sameAs\":[\"https:\/\/fcamara.com\/\",\"https:\/\/www.instagram.com\/grupo.fcamara\/\",\"https:\/\/www.linkedin.com\/company\/grupofcamara\/\"],\"url\":\"https:\/\/fcamara.com\/blog\/author\/fcamara\/\"}]}<\/script>\n<!-- \/ Yoast SEO plugin. -->","yoast_head_json":{"title":"Vale a pena integrar o e-commerce com a loja f\u00edsica? - FCamara","description":"Descubra se vale a pena para seu neg\u00f3cio integrar o e-commerce com sua loja f\u00edsica. S\u00e3o muitos os desafios mas grandes podem ser os ganhos. Confira!","robots":{"index":"index","follow":"follow","max-snippet":"max-snippet:-1","max-image-preview":"max-image-preview:large","max-video-preview":"max-video-preview:-1"},"canonical":"https:\/\/fcamara.com\/blog\/vale-a-pena-integrar-o-e-commerce-com-a-loja-fisica\/","og_locale":"pt_BR","og_type":"article","og_title":"Vale a pena integrar o e-commerce com a loja f\u00edsica? - FCamara","og_description":"Descubra se vale a pena para seu neg\u00f3cio integrar o e-commerce com sua loja f\u00edsica. S\u00e3o muitos os desafios mas grandes podem ser os ganhos. Confira!","og_url":"https:\/\/fcamara.com\/blog\/vale-a-pena-integrar-o-e-commerce-com-a-loja-fisica\/","og_site_name":"Blog da FCamara","article_published_time":"2016-06-28T11:27:33+00:00","article_modified_time":"2022-12-05T15:03:42+00:00","og_image":[{"width":1000,"height":667,"url":"https:\/\/fcamara.com\/blog\/wp-content\/uploads\/2016\/06\/Vale_a_pena_integrar_o_e-commerce_com_a_loja_fisica_da_empresa.jpg.jpeg","type":"image\/jpeg"}],"author":"FCamara","twitter_card":"summary_large_image","twitter_misc":{"Escrito por":"FCamara","Est. tempo de leitura":"3 minutos"},"schema":{"@context":"https:\/\/schema.org","@graph":[{"@type":"Article","@id":"https:\/\/fcamara.com\/blog\/vale-a-pena-integrar-o-e-commerce-com-a-loja-fisica\/#article","isPartOf":{"@id":"https:\/\/fcamara.com\/blog\/vale-a-pena-integrar-o-e-commerce-com-a-loja-fisica\/"},"author":{"name":"FCamara","@id":"https:\/\/fcamara.com\/blog\/#\/schema\/person\/31fd30b4025f857a93de804f3d73851a"},"headline":"Vale a pena integrar o e-commerce com a loja f\u00edsica da empresa?","datePublished":"2016-06-28T11:27:33+00:00","dateModified":"2022-12-05T15:03:42+00:00","mainEntityOfPage":{"@id":"https:\/\/fcamara.com\/blog\/vale-a-pena-integrar-o-e-commerce-com-a-loja-fisica\/"},"wordCount":661,"commentCount":0,"publisher":{"@id":"https:\/\/fcamara.com\/blog\/#organization"},"image":{"@id":"https:\/\/fcamara.com\/blog\/vale-a-pena-integrar-o-e-commerce-com-a-loja-fisica\/#primaryimage"},"thumbnailUrl":"https:\/\/fcamara.com\/blog\/wp-content\/uploads\/2016\/06\/Vale_a_pena_integrar_o_e-commerce_com_a_loja_fisica_da_empresa.jpg.jpeg","articleSection":["Cloud &amp; Ciberseguran\u00e7a","E-commerce &amp; Marketplace","Varejo"],"inLanguage":"pt-BR","potentialAction":[{"@type":"CommentAction","name":"Comment","target":["https:\/\/fcamara.com\/blog\/vale-a-pena-integrar-o-e-commerce-com-a-loja-fisica\/#respond"]}]},{"@type":"WebPage","@id":"https:\/\/fcamara.com\/blog\/vale-a-pena-integrar-o-e-commerce-com-a-loja-fisica\/","url":"https:\/\/fcamara.com\/blog\/vale-a-pena-integrar-o-e-commerce-com-a-loja-fisica\/","name":"Vale a pena integrar o e-commerce com a loja f\u00edsica? - FCamara","isPartOf":{"@id":"https:\/\/fcamara.com\/blog\/#website"},"primaryImageOfPage":{"@id":"https:\/\/fcamara.com\/blog\/vale-a-pena-integrar-o-e-commerce-com-a-loja-fisica\/#primaryimage"},"image":{"@id":"https:\/\/fcamara.com\/blog\/vale-a-pena-integrar-o-e-commerce-com-a-loja-fisica\/#primaryimage"},"thumbnailUrl":"https:\/\/fcamara.com\/blog\/wp-content\/uploads\/2016\/06\/Vale_a_pena_integrar_o_e-commerce_com_a_loja_fisica_da_empresa.jpg.jpeg","datePublished":"2016-06-28T11:27:33+00:00","dateModified":"2022-12-05T15:03:42+00:00","description":"Descubra se vale a pena para seu neg\u00f3cio integrar o e-commerce com sua loja f\u00edsica. S\u00e3o muitos os desafios mas grandes podem ser os ganhos. Confira!","breadcrumb":{"@id":"https:\/\/fcamara.com\/blog\/vale-a-pena-integrar-o-e-commerce-com-a-loja-fisica\/#breadcrumb"},"inLanguage":"pt-BR","potentialAction":[{"@type":"ReadAction","target":["https:\/\/fcamara.com\/blog\/vale-a-pena-integrar-o-e-commerce-com-a-loja-fisica\/"]}]},{"@type":"ImageObject","inLanguage":"pt-BR","@id":"https:\/\/fcamara.com\/blog\/vale-a-pena-integrar-o-e-commerce-com-a-loja-fisica\/#primaryimage","url":"https:\/\/fcamara.com\/blog\/wp-content\/uploads\/2016\/06\/Vale_a_pena_integrar_o_e-commerce_com_a_loja_fisica_da_empresa.jpg.jpeg","contentUrl":"https:\/\/fcamara.com\/blog\/wp-content\/uploads\/2016\/06\/Vale_a_pena_integrar_o_e-commerce_com_a_loja_fisica_da_empresa.jpg.jpeg","width":1000,"height":667,"caption":"Integrar o E-commerce - FCamara"},{"@type":"BreadcrumbList","@id":"https:\/\/fcamara.com\/blog\/vale-a-pena-integrar-o-e-commerce-com-a-loja-fisica\/#breadcrumb","itemListElement":[{"@type":"ListItem","position":1,"name":"In\u00edcio","item":"https:\/\/fcamara.com\/blog\/"},{"@type":"ListItem","position":2,"name":"Cloud &amp; Ciberseguran\u00e7a","item":"https:\/\/fcamara.com\/blog\/categoria\/cloud-ciberseguranca\/"},{"@type":"ListItem","position":3,"name":"Vale a pena integrar o e-commerce com a loja f\u00edsica da empresa?"}]},{"@type":"WebSite","@id":"https:\/\/fcamara.com\/blog\/#website","url":"https:\/\/fcamara.com\/blog\/","name":"Blog da FCamara","description":"Esta \u00e9 a \u00e1rea de insights sobre o mercado de tecnologia.","publisher":{"@id":"https:\/\/fcamara.com\/blog\/#organization"},"potentialAction":[{"@type":"SearchAction","target":{"@type":"EntryPoint","urlTemplate":"https:\/\/fcamara.com\/blog\/?s={search_term_string}"},"query-input":{"@type":"PropertyValueSpecification","valueRequired":true,"valueName":"search_term_string"}}],"inLanguage":"pt-BR"},{"@type":"Organization","@id":"https:\/\/fcamara.com\/blog\/#organization","name":"Blog da FCamara","url":"https:\/\/fcamara.com\/blog\/","logo":{"@type":"ImageObject","inLanguage":"pt-BR","@id":"https:\/\/fcamara.com\/blog\/#\/schema\/logo\/image\/","url":"https:\/\/fcamara.com\/blog\/wp-content\/uploads\/2024\/07\/FCamara-Blog-laranja.webp","contentUrl":"https:\/\/fcamara.com\/blog\/wp-content\/uploads\/2024\/07\/FCamara-Blog-laranja.webp","width":459,"height":68,"caption":"Blog da FCamara"},"image":{"@id":"https:\/\/fcamara.com\/blog\/#\/schema\/logo\/image\/"}},{"@type":"Person","@id":"https:\/\/fcamara.com\/blog\/#\/schema\/person\/31fd30b4025f857a93de804f3d73851a","name":"FCamara","image":{"@type":"ImageObject","inLanguage":"pt-BR","@id":"https:\/\/secure.gravatar.com\/avatar\/a5d9fbf0e0a80749615937585a2bf0463473729433b0db26ec6eabac55ae3d20?s=96&d=mm&r=g","url":"https:\/\/secure.gravatar.com\/avatar\/a5d9fbf0e0a80749615937585a2bf0463473729433b0db26ec6eabac55ae3d20?s=96&d=mm&r=g","contentUrl":"https:\/\/secure.gravatar.com\/avatar\/a5d9fbf0e0a80749615937585a2bf0463473729433b0db26ec6eabac55ae3d20?s=96&d=mm&r=g","caption":"FCamara"},"sameAs":["https:\/\/fcamara.com\/","https:\/\/www.instagram.com\/grupo.fcamara\/","https:\/\/www.linkedin.com\/company\/grupofcamara\/"],"url":"https:\/\/fcamara.com\/blog\/author\/fcamara\/"}]}},"lang":"br","translations":{"br":579},"pll_sync_post":[],"_links":{"self":[{"href":"https:\/\/fcamara.com\/blog\/wp-json\/wp\/v2\/posts\/579","targetHints":{"allow":["GET"]}}],"collection":[{"href":"https:\/\/fcamara.com\/blog\/wp-json\/wp\/v2\/posts"}],"about":[{"href":"https:\/\/fcamara.com\/blog\/wp-json\/wp\/v2\/types\/post"}],"author":[{"embeddable":true,"href":"https:\/\/fcamara.com\/blog\/wp-json\/wp\/v2\/users\/2"}],"replies":[{"embeddable":true,"href":"https:\/\/fcamara.com\/blog\/wp-json\/wp\/v2\/comments?post=579"}],"version-history":[{"count":1,"href":"https:\/\/fcamara.com\/blog\/wp-json\/wp\/v2\/posts\/579\/revisions"}],"predecessor-version":[{"id":5930,"href":"https:\/\/fcamara.com\/blog\/wp-json\/wp\/v2\/posts\/579\/revisions\/5930"}],"wp:featuredmedia":[{"embeddable":true,"href":"https:\/\/fcamara.com\/blog\/wp-json\/wp\/v2\/media\/581"}],"wp:attachment":[{"href":"https:\/\/fcamara.com\/blog\/wp-json\/wp\/v2\/media?parent=579"}],"wp:term":[{"taxonomy":"category","embeddable":true,"href":"https:\/\/fcamara.com\/blog\/wp-json\/wp\/v2\/categories?post=579"},{"taxonomy":"post_tag","embeddable":true,"href":"https:\/\/fcamara.com\/blog\/wp-json\/wp\/v2\/tags?post=579"},{"taxonomy":"post_series","embeddable":true,"href":"https:\/\/fcamara.com\/blog\/wp-json\/wp\/v2\/post_series?post=579"}],"curies":[{"name":"wp","href":"https:\/\/api.w.org\/{rel}","templated":true}]}}