{"id":614,"date":"2016-08-02T17:08:43","date_gmt":"2016-08-02T17:08:43","guid":{"rendered":"http:\/\/blog.fcamara.com.br\/?p=614"},"modified":"2022-12-05T11:28:57","modified_gmt":"2022-12-05T14:28:57","slug":"governanca-em-ti-empresas-que-usam-byod-estao-seguras","status":"publish","type":"post","link":"https:\/\/fcamara.com\/blog\/governanca-em-ti-empresas-que-usam-byod-estao-seguras\/","title":{"rendered":"Governan\u00e7a em TI: empresas que usam BYOD est\u00e3o seguras?"},"content":{"rendered":"<p>Os \u00faltimos anos foram marcados pela flexibiliza\u00e7\u00e3o de pol\u00edticas operacionais e a busca por estrat\u00e9gias de gest\u00e3o mais ousadas. Impulsionados pela<a href=\"https:\/\/blog.fcamara.com.br\/\/migracao-para-nuvem-5-erros-que-voce-precisa-evitar\/\"><u> computa\u00e7\u00e3o na nuvem<\/u><\/a> e o maior acesso a conex\u00f5es de rede de alta velocidade, empreendimentos come\u00e7aram a implementar modelos de governan\u00e7a em TI, como os de homeworking e o BYOD. Dessa forma, profissionais passaram a atuar fora do ambiente de trabalho com mais seguran\u00e7a e confiabilidade.<\/p>\n<p>Nesse sentido, o BYOD destaca-se pela capacidade de reduzir custos, aumentar a satisfa\u00e7\u00e3o de colaboradores e a capacidade produtiva do empreendimento. No entanto, o uso de equipamentos pessoais no local de trabalho pode expor a empresa a problemas de seguran\u00e7a diversos.<\/p>\n<p>Se voc\u00ea quer saber mais sobre essa rotina que faz parte da governan\u00e7a de TI de v\u00e1rios locais e como implement\u00e1-la na sua companhia, leia o nosso post de hoje!<\/p>\n<h2>O que \u00e9 a pol\u00edtica BYOD?<\/h2>\n<p>Sigla para a express\u00e3o Bring Your Own Device (algo que em portugu\u00eas pode ser traduzido como Traga o Seu Pr\u00f3prio Aparelho), o termo BYOD \u00e9 utilizado para pol\u00edticas de gest\u00e3o em que funcion\u00e1rios podem utilizar os seus pr\u00f3prios dispositivos computacionais como ferramentas de trabalho.<\/p>\n<p>Esse modelo surgiu na Intel e rapidamente espalhou-se pelo mundo, gra\u00e7as ao seu impacto positivo em v\u00e1rias \u00e1reas do ambiente corporativo. Hoje, o BYOD \u00e9 visto como uma pol\u00edtica de gest\u00e3o moderna, que torna ambientes de trabalho mais produtivos e eficazes.<\/p>\n<h2>Principais vantagens do BYOD<\/h2>\n<p>A implementa\u00e7\u00e3o do BYOD em ambientes empresariais pode causar uma grande mudan\u00e7a na forma como processos operacionais e servi\u00e7os s\u00e3o prestados. Bem executado, esse modelo de gest\u00e3o pode auxiliar empreendimentos a terem um acesso mais r\u00e1pido a equipamentos de ponta, uma vez que as rotinas de troca de dispositivos passar\u00e3o a ser de responsabilidade do colaborador. Assim, as chances dele utilizar uma m\u00e1quina de \u00faltima gera\u00e7\u00e3o passa a ser maior.<\/p>\n<p>Al\u00e9m disso, as rotinas operacionais poder\u00e3o ser flexibilizadas e a ado\u00e7\u00e3o de modelos como o home office ser\u00e1 mais simples. N\u00e3o ser\u00e1 necess\u00e1rio uma grande adapta\u00e7\u00e3o em ferramentas para que pessoas possam executar as suas atividades longe do ambiente corporativo.<\/p>\n<p>Podemos destacar, tamb\u00e9m, que a satisfa\u00e7\u00e3o do ambiente interno e a produtividade ser\u00e1 ampliada. Pessoas tendem a ficar mais confort\u00e1veis utilizando equipamentos pr\u00f3prios. Nesse sentido, o BYOD acaba por ampliar a capacidade de cada profissional executar as suas rotinas.<\/p>\n<h2>Como inserir o BYOD sem comprometer a governan\u00e7a de TI?<\/h2>\n<p>Muitos gestores t\u00eam um grande receio em rela\u00e7\u00e3o a ado\u00e7\u00e3o do BYOD no seu ambiente de trabalho. A falta de um grande controle em rela\u00e7\u00e3o aos dispositivos que se conectam na infraestrutura de rede corporativa, pois podem aumentar o n\u00famero de vulnerabilidades de seguran\u00e7a que existem no ambiente digital do neg\u00f3cio. Diante disso, o planejamento de medidas de seguran\u00e7a \u00e9 indispens\u00e1vel.<\/p>\n<p>Um dos primeiros passos \u00e9 a cria\u00e7\u00e3o de um conjunto de normas de seguran\u00e7a e privacidade que devem ser adotados por todos os profissionais. Elas devem incluir medidas que reduzam o n\u00famero de vulnerabilidades, aumentem a quantidade de aparelhos atualizados e incentivem o uso de ferramentas de seguran\u00e7a. Dessa forma, a empresa poder\u00e1 manter os seus sistemas confi\u00e1veis.<\/p>\n<p>Da mesma forma, solu\u00e7\u00f5es de criptografia, VPN e protocolos de seguran\u00e7a podem ser implementados. Com isso, a empresa poder\u00e1 manter os seus canais de comunica\u00e7\u00e3o e os seus registros mais seguros e protegidos contra tentativas de acesso n\u00e3o autorizado.<\/p>\n<p>Por fim, podemos destacar a necessidade de amplia\u00e7\u00e3o das pol\u00edticas de<a href=\"https:\/\/blog.fcamara.com.br\/\/business-intelligence-e-big-data-voce-entende-as-diferencas\/\"><u> controle de acesso a dados<\/u><\/a>. Elas garantir\u00e3o que usu\u00e1rios que estejam com a conta comprometida n\u00e3o acabem expondo informa\u00e7\u00f5es sigilosas a terceiros. Assim, as rotinas de seguran\u00e7a e governan\u00e7a em TI ter\u00e3o maior capacidade de atua\u00e7\u00e3o.<\/p>\n<p>E voc\u00ea, j\u00e1 trabalhou com o BYOD? Conhe\u00e7a alguma dica pra o uso desse modelo operacional? Conta pra gente!<\/p>\n","protected":false},"excerpt":{"rendered":"<p>Os \u00faltimos anos foram marcados pela flexibiliza\u00e7\u00e3o de pol\u00edticas operacionais e a busca por estrat\u00e9gias de gest\u00e3o mais ousadas. Impulsionados pela computa\u00e7\u00e3o na nuvem e o maior acesso a conex\u00f5es de rede de alta velocidade, empreendimentos come\u00e7aram a implementar modelos de governan\u00e7a em TI, como os de homeworking e o BYOD. Dessa forma, profissionais passaram&hellip;<\/p>\n","protected":false},"author":2,"featured_media":616,"comment_status":"open","ping_status":"open","sticky":false,"template":"","format":"standard","meta":{"footnotes":""},"categories":[90,349],"tags":[],"post_series":[],"class_list":["post-614","post","type-post","status-publish","format-standard","has-post-thumbnail","hentry","category-cloud-ciberseguranca","category-varejo","entry","has-media"],"yoast_head":"<!-- This site is optimized with the Yoast SEO plugin v27.2 - https:\/\/yoast.com\/product\/yoast-seo-wordpress\/ -->\n<title>Blog da FCamara - Governan\u00e7a em TI e vantagens do BYOD<\/title>\n<meta name=\"description\" content=\"Levar para o trabalho seus pr\u00f3prios equipamentos tem sido cada vez mais comuns na empresas no Brasil. Conhe\u00e7a melhor o conceito de BYOD.\" \/>\n<meta name=\"robots\" content=\"index, follow, max-snippet:-1, max-image-preview:large, max-video-preview:-1\" \/>\n<link rel=\"canonical\" href=\"https:\/\/fcamara.com\/blog\/governanca-em-ti-empresas-que-usam-byod-estao-seguras\/\" \/>\n<meta property=\"og:locale\" content=\"pt_BR\" \/>\n<meta property=\"og:type\" content=\"article\" \/>\n<meta property=\"og:title\" content=\"Blog da FCamara - Governan\u00e7a em TI e vantagens do BYOD\" \/>\n<meta property=\"og:description\" content=\"Levar para o trabalho seus pr\u00f3prios equipamentos tem sido cada vez mais comuns na empresas no Brasil. Conhe\u00e7a melhor o conceito de BYOD.\" \/>\n<meta property=\"og:url\" content=\"https:\/\/fcamara.com\/blog\/governanca-em-ti-empresas-que-usam-byod-estao-seguras\/\" \/>\n<meta property=\"og:site_name\" content=\"Blog da FCamara\" \/>\n<meta property=\"article:published_time\" content=\"2016-08-02T17:08:43+00:00\" \/>\n<meta property=\"article:modified_time\" content=\"2022-12-05T14:28:57+00:00\" \/>\n<meta property=\"og:image\" content=\"https:\/\/fcamara.com\/blog\/wp-content\/uploads\/2016\/08\/governanca-em-ti-empresas-que-usam-byod-estao-seguras.jpeg\" \/>\n\t<meta property=\"og:image:width\" content=\"1000\" \/>\n\t<meta property=\"og:image:height\" content=\"585\" \/>\n\t<meta property=\"og:image:type\" content=\"image\/jpeg\" \/>\n<meta name=\"author\" content=\"FCamara\" \/>\n<meta name=\"twitter:card\" content=\"summary_large_image\" \/>\n<meta name=\"twitter:label1\" content=\"Escrito por\" \/>\n\t<meta name=\"twitter:data1\" content=\"FCamara\" \/>\n\t<meta name=\"twitter:label2\" content=\"Est. tempo de leitura\" \/>\n\t<meta name=\"twitter:data2\" content=\"3 minutos\" \/>\n<script type=\"application\/ld+json\" class=\"yoast-schema-graph\">{\"@context\":\"https:\/\/schema.org\",\"@graph\":[{\"@type\":\"Article\",\"@id\":\"https:\/\/fcamara.com\/blog\/governanca-em-ti-empresas-que-usam-byod-estao-seguras\/#article\",\"isPartOf\":{\"@id\":\"https:\/\/fcamara.com\/blog\/governanca-em-ti-empresas-que-usam-byod-estao-seguras\/\"},\"author\":{\"name\":\"FCamara\",\"@id\":\"https:\/\/fcamara.com\/blog\/#\/schema\/person\/31fd30b4025f857a93de804f3d73851a\"},\"headline\":\"Governan\u00e7a em TI: empresas que usam BYOD est\u00e3o seguras?\",\"datePublished\":\"2016-08-02T17:08:43+00:00\",\"dateModified\":\"2022-12-05T14:28:57+00:00\",\"mainEntityOfPage\":{\"@id\":\"https:\/\/fcamara.com\/blog\/governanca-em-ti-empresas-que-usam-byod-estao-seguras\/\"},\"wordCount\":697,\"commentCount\":0,\"publisher\":{\"@id\":\"https:\/\/fcamara.com\/blog\/#organization\"},\"image\":{\"@id\":\"https:\/\/fcamara.com\/blog\/governanca-em-ti-empresas-que-usam-byod-estao-seguras\/#primaryimage\"},\"thumbnailUrl\":\"https:\/\/fcamara.com\/blog\/wp-content\/uploads\/2016\/08\/governanca-em-ti-empresas-que-usam-byod-estao-seguras.jpeg\",\"articleSection\":[\"Cloud &amp; Ciberseguran\u00e7a\",\"Varejo\"],\"inLanguage\":\"pt-BR\",\"potentialAction\":[{\"@type\":\"CommentAction\",\"name\":\"Comment\",\"target\":[\"https:\/\/fcamara.com\/blog\/governanca-em-ti-empresas-que-usam-byod-estao-seguras\/#respond\"]}]},{\"@type\":\"WebPage\",\"@id\":\"https:\/\/fcamara.com\/blog\/governanca-em-ti-empresas-que-usam-byod-estao-seguras\/\",\"url\":\"https:\/\/fcamara.com\/blog\/governanca-em-ti-empresas-que-usam-byod-estao-seguras\/\",\"name\":\"Blog da FCamara - Governan\u00e7a em TI e vantagens do BYOD\",\"isPartOf\":{\"@id\":\"https:\/\/fcamara.com\/blog\/#website\"},\"primaryImageOfPage\":{\"@id\":\"https:\/\/fcamara.com\/blog\/governanca-em-ti-empresas-que-usam-byod-estao-seguras\/#primaryimage\"},\"image\":{\"@id\":\"https:\/\/fcamara.com\/blog\/governanca-em-ti-empresas-que-usam-byod-estao-seguras\/#primaryimage\"},\"thumbnailUrl\":\"https:\/\/fcamara.com\/blog\/wp-content\/uploads\/2016\/08\/governanca-em-ti-empresas-que-usam-byod-estao-seguras.jpeg\",\"datePublished\":\"2016-08-02T17:08:43+00:00\",\"dateModified\":\"2022-12-05T14:28:57+00:00\",\"description\":\"Levar para o trabalho seus pr\u00f3prios equipamentos tem sido cada vez mais comuns na empresas no Brasil. Conhe\u00e7a melhor o conceito de BYOD.\",\"breadcrumb\":{\"@id\":\"https:\/\/fcamara.com\/blog\/governanca-em-ti-empresas-que-usam-byod-estao-seguras\/#breadcrumb\"},\"inLanguage\":\"pt-BR\",\"potentialAction\":[{\"@type\":\"ReadAction\",\"target\":[\"https:\/\/fcamara.com\/blog\/governanca-em-ti-empresas-que-usam-byod-estao-seguras\/\"]}]},{\"@type\":\"ImageObject\",\"inLanguage\":\"pt-BR\",\"@id\":\"https:\/\/fcamara.com\/blog\/governanca-em-ti-empresas-que-usam-byod-estao-seguras\/#primaryimage\",\"url\":\"https:\/\/fcamara.com\/blog\/wp-content\/uploads\/2016\/08\/governanca-em-ti-empresas-que-usam-byod-estao-seguras.jpeg\",\"contentUrl\":\"https:\/\/fcamara.com\/blog\/wp-content\/uploads\/2016\/08\/governanca-em-ti-empresas-que-usam-byod-estao-seguras.jpeg\",\"width\":1000,\"height\":585,\"caption\":\"BYOD - FCamara\"},{\"@type\":\"BreadcrumbList\",\"@id\":\"https:\/\/fcamara.com\/blog\/governanca-em-ti-empresas-que-usam-byod-estao-seguras\/#breadcrumb\",\"itemListElement\":[{\"@type\":\"ListItem\",\"position\":1,\"name\":\"In\u00edcio\",\"item\":\"https:\/\/fcamara.com\/blog\/\"},{\"@type\":\"ListItem\",\"position\":2,\"name\":\"Cloud &amp; Ciberseguran\u00e7a\",\"item\":\"https:\/\/fcamara.com\/blog\/categoria\/cloud-ciberseguranca\/\"},{\"@type\":\"ListItem\",\"position\":3,\"name\":\"Governan\u00e7a em TI: empresas que usam BYOD est\u00e3o seguras?\"}]},{\"@type\":\"WebSite\",\"@id\":\"https:\/\/fcamara.com\/blog\/#website\",\"url\":\"https:\/\/fcamara.com\/blog\/\",\"name\":\"Blog da FCamara\",\"description\":\"Esta \u00e9 a \u00e1rea de insights sobre o mercado de tecnologia.\",\"publisher\":{\"@id\":\"https:\/\/fcamara.com\/blog\/#organization\"},\"potentialAction\":[{\"@type\":\"SearchAction\",\"target\":{\"@type\":\"EntryPoint\",\"urlTemplate\":\"https:\/\/fcamara.com\/blog\/?s={search_term_string}\"},\"query-input\":{\"@type\":\"PropertyValueSpecification\",\"valueRequired\":true,\"valueName\":\"search_term_string\"}}],\"inLanguage\":\"pt-BR\"},{\"@type\":\"Organization\",\"@id\":\"https:\/\/fcamara.com\/blog\/#organization\",\"name\":\"Blog da FCamara\",\"url\":\"https:\/\/fcamara.com\/blog\/\",\"logo\":{\"@type\":\"ImageObject\",\"inLanguage\":\"pt-BR\",\"@id\":\"https:\/\/fcamara.com\/blog\/#\/schema\/logo\/image\/\",\"url\":\"https:\/\/fcamara.com\/blog\/wp-content\/uploads\/2024\/07\/FCamara-Blog-laranja.webp\",\"contentUrl\":\"https:\/\/fcamara.com\/blog\/wp-content\/uploads\/2024\/07\/FCamara-Blog-laranja.webp\",\"width\":459,\"height\":68,\"caption\":\"Blog da FCamara\"},\"image\":{\"@id\":\"https:\/\/fcamara.com\/blog\/#\/schema\/logo\/image\/\"}},{\"@type\":\"Person\",\"@id\":\"https:\/\/fcamara.com\/blog\/#\/schema\/person\/31fd30b4025f857a93de804f3d73851a\",\"name\":\"FCamara\",\"image\":{\"@type\":\"ImageObject\",\"inLanguage\":\"pt-BR\",\"@id\":\"https:\/\/secure.gravatar.com\/avatar\/a5d9fbf0e0a80749615937585a2bf0463473729433b0db26ec6eabac55ae3d20?s=96&d=mm&r=g\",\"url\":\"https:\/\/secure.gravatar.com\/avatar\/a5d9fbf0e0a80749615937585a2bf0463473729433b0db26ec6eabac55ae3d20?s=96&d=mm&r=g\",\"contentUrl\":\"https:\/\/secure.gravatar.com\/avatar\/a5d9fbf0e0a80749615937585a2bf0463473729433b0db26ec6eabac55ae3d20?s=96&d=mm&r=g\",\"caption\":\"FCamara\"},\"sameAs\":[\"https:\/\/fcamara.com\/\",\"https:\/\/www.instagram.com\/grupo.fcamara\/\",\"https:\/\/www.linkedin.com\/company\/grupofcamara\/\"],\"url\":\"https:\/\/fcamara.com\/blog\/author\/fcamara\/\"}]}<\/script>\n<!-- \/ Yoast SEO plugin. -->","yoast_head_json":{"title":"Blog da FCamara - Governan\u00e7a em TI e vantagens do BYOD","description":"Levar para o trabalho seus pr\u00f3prios equipamentos tem sido cada vez mais comuns na empresas no Brasil. Conhe\u00e7a melhor o conceito de BYOD.","robots":{"index":"index","follow":"follow","max-snippet":"max-snippet:-1","max-image-preview":"max-image-preview:large","max-video-preview":"max-video-preview:-1"},"canonical":"https:\/\/fcamara.com\/blog\/governanca-em-ti-empresas-que-usam-byod-estao-seguras\/","og_locale":"pt_BR","og_type":"article","og_title":"Blog da FCamara - Governan\u00e7a em TI e vantagens do BYOD","og_description":"Levar para o trabalho seus pr\u00f3prios equipamentos tem sido cada vez mais comuns na empresas no Brasil. Conhe\u00e7a melhor o conceito de BYOD.","og_url":"https:\/\/fcamara.com\/blog\/governanca-em-ti-empresas-que-usam-byod-estao-seguras\/","og_site_name":"Blog da FCamara","article_published_time":"2016-08-02T17:08:43+00:00","article_modified_time":"2022-12-05T14:28:57+00:00","og_image":[{"width":1000,"height":585,"url":"https:\/\/fcamara.com\/blog\/wp-content\/uploads\/2016\/08\/governanca-em-ti-empresas-que-usam-byod-estao-seguras.jpeg","type":"image\/jpeg"}],"author":"FCamara","twitter_card":"summary_large_image","twitter_misc":{"Escrito por":"FCamara","Est. tempo de leitura":"3 minutos"},"schema":{"@context":"https:\/\/schema.org","@graph":[{"@type":"Article","@id":"https:\/\/fcamara.com\/blog\/governanca-em-ti-empresas-que-usam-byod-estao-seguras\/#article","isPartOf":{"@id":"https:\/\/fcamara.com\/blog\/governanca-em-ti-empresas-que-usam-byod-estao-seguras\/"},"author":{"name":"FCamara","@id":"https:\/\/fcamara.com\/blog\/#\/schema\/person\/31fd30b4025f857a93de804f3d73851a"},"headline":"Governan\u00e7a em TI: empresas que usam BYOD est\u00e3o seguras?","datePublished":"2016-08-02T17:08:43+00:00","dateModified":"2022-12-05T14:28:57+00:00","mainEntityOfPage":{"@id":"https:\/\/fcamara.com\/blog\/governanca-em-ti-empresas-que-usam-byod-estao-seguras\/"},"wordCount":697,"commentCount":0,"publisher":{"@id":"https:\/\/fcamara.com\/blog\/#organization"},"image":{"@id":"https:\/\/fcamara.com\/blog\/governanca-em-ti-empresas-que-usam-byod-estao-seguras\/#primaryimage"},"thumbnailUrl":"https:\/\/fcamara.com\/blog\/wp-content\/uploads\/2016\/08\/governanca-em-ti-empresas-que-usam-byod-estao-seguras.jpeg","articleSection":["Cloud &amp; Ciberseguran\u00e7a","Varejo"],"inLanguage":"pt-BR","potentialAction":[{"@type":"CommentAction","name":"Comment","target":["https:\/\/fcamara.com\/blog\/governanca-em-ti-empresas-que-usam-byod-estao-seguras\/#respond"]}]},{"@type":"WebPage","@id":"https:\/\/fcamara.com\/blog\/governanca-em-ti-empresas-que-usam-byod-estao-seguras\/","url":"https:\/\/fcamara.com\/blog\/governanca-em-ti-empresas-que-usam-byod-estao-seguras\/","name":"Blog da FCamara - Governan\u00e7a em TI e vantagens do BYOD","isPartOf":{"@id":"https:\/\/fcamara.com\/blog\/#website"},"primaryImageOfPage":{"@id":"https:\/\/fcamara.com\/blog\/governanca-em-ti-empresas-que-usam-byod-estao-seguras\/#primaryimage"},"image":{"@id":"https:\/\/fcamara.com\/blog\/governanca-em-ti-empresas-que-usam-byod-estao-seguras\/#primaryimage"},"thumbnailUrl":"https:\/\/fcamara.com\/blog\/wp-content\/uploads\/2016\/08\/governanca-em-ti-empresas-que-usam-byod-estao-seguras.jpeg","datePublished":"2016-08-02T17:08:43+00:00","dateModified":"2022-12-05T14:28:57+00:00","description":"Levar para o trabalho seus pr\u00f3prios equipamentos tem sido cada vez mais comuns na empresas no Brasil. Conhe\u00e7a melhor o conceito de BYOD.","breadcrumb":{"@id":"https:\/\/fcamara.com\/blog\/governanca-em-ti-empresas-que-usam-byod-estao-seguras\/#breadcrumb"},"inLanguage":"pt-BR","potentialAction":[{"@type":"ReadAction","target":["https:\/\/fcamara.com\/blog\/governanca-em-ti-empresas-que-usam-byod-estao-seguras\/"]}]},{"@type":"ImageObject","inLanguage":"pt-BR","@id":"https:\/\/fcamara.com\/blog\/governanca-em-ti-empresas-que-usam-byod-estao-seguras\/#primaryimage","url":"https:\/\/fcamara.com\/blog\/wp-content\/uploads\/2016\/08\/governanca-em-ti-empresas-que-usam-byod-estao-seguras.jpeg","contentUrl":"https:\/\/fcamara.com\/blog\/wp-content\/uploads\/2016\/08\/governanca-em-ti-empresas-que-usam-byod-estao-seguras.jpeg","width":1000,"height":585,"caption":"BYOD - FCamara"},{"@type":"BreadcrumbList","@id":"https:\/\/fcamara.com\/blog\/governanca-em-ti-empresas-que-usam-byod-estao-seguras\/#breadcrumb","itemListElement":[{"@type":"ListItem","position":1,"name":"In\u00edcio","item":"https:\/\/fcamara.com\/blog\/"},{"@type":"ListItem","position":2,"name":"Cloud &amp; Ciberseguran\u00e7a","item":"https:\/\/fcamara.com\/blog\/categoria\/cloud-ciberseguranca\/"},{"@type":"ListItem","position":3,"name":"Governan\u00e7a em TI: empresas que usam BYOD est\u00e3o seguras?"}]},{"@type":"WebSite","@id":"https:\/\/fcamara.com\/blog\/#website","url":"https:\/\/fcamara.com\/blog\/","name":"Blog da FCamara","description":"Esta \u00e9 a \u00e1rea de insights sobre o mercado de tecnologia.","publisher":{"@id":"https:\/\/fcamara.com\/blog\/#organization"},"potentialAction":[{"@type":"SearchAction","target":{"@type":"EntryPoint","urlTemplate":"https:\/\/fcamara.com\/blog\/?s={search_term_string}"},"query-input":{"@type":"PropertyValueSpecification","valueRequired":true,"valueName":"search_term_string"}}],"inLanguage":"pt-BR"},{"@type":"Organization","@id":"https:\/\/fcamara.com\/blog\/#organization","name":"Blog da FCamara","url":"https:\/\/fcamara.com\/blog\/","logo":{"@type":"ImageObject","inLanguage":"pt-BR","@id":"https:\/\/fcamara.com\/blog\/#\/schema\/logo\/image\/","url":"https:\/\/fcamara.com\/blog\/wp-content\/uploads\/2024\/07\/FCamara-Blog-laranja.webp","contentUrl":"https:\/\/fcamara.com\/blog\/wp-content\/uploads\/2024\/07\/FCamara-Blog-laranja.webp","width":459,"height":68,"caption":"Blog da FCamara"},"image":{"@id":"https:\/\/fcamara.com\/blog\/#\/schema\/logo\/image\/"}},{"@type":"Person","@id":"https:\/\/fcamara.com\/blog\/#\/schema\/person\/31fd30b4025f857a93de804f3d73851a","name":"FCamara","image":{"@type":"ImageObject","inLanguage":"pt-BR","@id":"https:\/\/secure.gravatar.com\/avatar\/a5d9fbf0e0a80749615937585a2bf0463473729433b0db26ec6eabac55ae3d20?s=96&d=mm&r=g","url":"https:\/\/secure.gravatar.com\/avatar\/a5d9fbf0e0a80749615937585a2bf0463473729433b0db26ec6eabac55ae3d20?s=96&d=mm&r=g","contentUrl":"https:\/\/secure.gravatar.com\/avatar\/a5d9fbf0e0a80749615937585a2bf0463473729433b0db26ec6eabac55ae3d20?s=96&d=mm&r=g","caption":"FCamara"},"sameAs":["https:\/\/fcamara.com\/","https:\/\/www.instagram.com\/grupo.fcamara\/","https:\/\/www.linkedin.com\/company\/grupofcamara\/"],"url":"https:\/\/fcamara.com\/blog\/author\/fcamara\/"}]}},"lang":"br","translations":{"br":614},"pll_sync_post":[],"_links":{"self":[{"href":"https:\/\/fcamara.com\/blog\/wp-json\/wp\/v2\/posts\/614","targetHints":{"allow":["GET"]}}],"collection":[{"href":"https:\/\/fcamara.com\/blog\/wp-json\/wp\/v2\/posts"}],"about":[{"href":"https:\/\/fcamara.com\/blog\/wp-json\/wp\/v2\/types\/post"}],"author":[{"embeddable":true,"href":"https:\/\/fcamara.com\/blog\/wp-json\/wp\/v2\/users\/2"}],"replies":[{"embeddable":true,"href":"https:\/\/fcamara.com\/blog\/wp-json\/wp\/v2\/comments?post=614"}],"version-history":[{"count":1,"href":"https:\/\/fcamara.com\/blog\/wp-json\/wp\/v2\/posts\/614\/revisions"}],"predecessor-version":[{"id":5927,"href":"https:\/\/fcamara.com\/blog\/wp-json\/wp\/v2\/posts\/614\/revisions\/5927"}],"wp:featuredmedia":[{"embeddable":true,"href":"https:\/\/fcamara.com\/blog\/wp-json\/wp\/v2\/media\/616"}],"wp:attachment":[{"href":"https:\/\/fcamara.com\/blog\/wp-json\/wp\/v2\/media?parent=614"}],"wp:term":[{"taxonomy":"category","embeddable":true,"href":"https:\/\/fcamara.com\/blog\/wp-json\/wp\/v2\/categories?post=614"},{"taxonomy":"post_tag","embeddable":true,"href":"https:\/\/fcamara.com\/blog\/wp-json\/wp\/v2\/tags?post=614"},{"taxonomy":"post_series","embeddable":true,"href":"https:\/\/fcamara.com\/blog\/wp-json\/wp\/v2\/post_series?post=614"}],"curies":[{"name":"wp","href":"https:\/\/api.w.org\/{rel}","templated":true}]}}