{"id":628,"date":"2016-08-16T16:40:31","date_gmt":"2016-08-16T16:40:31","guid":{"rendered":"http:\/\/blog.fcamara.com.br\/?p=628"},"modified":"2022-12-05T11:35:32","modified_gmt":"2022-12-05T14:35:32","slug":"qual-o-papel-do-profissional-de-ti-na-gestao-da-internet-das-coisas","status":"publish","type":"post","link":"https:\/\/fcamara.com\/blog\/qual-o-papel-do-profissional-de-ti-na-gestao-da-internet-das-coisas\/","title":{"rendered":"Qual o papel do profissional de TI na gest\u00e3o da internet das coisas?"},"content":{"rendered":"<p>A internet das coisas (ou IoT) \u00e9 uma das tend\u00eancias em TI que apresenta um dos maiores potenciais de gera\u00e7\u00e3o de valor para os pr\u00f3ximos anos. Os gadgets inteligentes podem ser incorporados a v\u00e1rios processos corporativos, aumentando a efici\u00eancia de companhias e permitindo que novos servi\u00e7os sejam criados. Al\u00e9m disso, com o maior n\u00famero de informa\u00e7\u00f5es sobre o ambiente de trabalho, gestores podem ter uma compreens\u00e3o maior sobre a forma como cadeia operacional funciona e as suas principais falhas.<\/p>\n<p>Nesse cen\u00e1rio, a empresa deve buscar <a href=\"http:\/\/blog.atingii.com\/alcancar-objetivo-profissional\/?utm_source=fcamara&amp;utm_medium=blog&amp;utm_campaign=iot\">profissionais capazes<\/a> de integrar a infraestrutura de TI \u00e0s estrat\u00e9gias comerciais, ampliando a capacidade do empreendimento atender \u00e0s demandas do mercado. Isso tornar\u00e1 o empreendimento mais competitivo e, consequentemente, com receitas maiores.<\/p>\n<p>Quer saber mais sobre o tema? Ent\u00e3o, leia o texto abaixo e entenda como o profissional de TI pode auxiliar na gest\u00e3o da internet das coisas!<\/p>\n<h2>Os desafios enfrentados pela internet das coisas<\/h2>\n<p>Os dispositivos da internet das coisas est\u00e3o redefinindo as pol\u00edticas operacionais de v\u00e1rios empreendimentos. Os gadgets capazes de se conectarem a redes sem fio para <a href=\"https:\/\/blog.fcamara.com.br\/\/business-intelligence-e-big-data-voce-entende-as-diferencas\/\"><u>troca de dados<\/u><\/a> podem ampliar o grau de automa\u00e7\u00e3o de neg\u00f3cios e reduzir o n\u00edvel de erros existentes em cadeias operacionais. Al\u00e9m disso, o aumento da quantidade de informa\u00e7\u00f5es dispon\u00edveis para an\u00e1lise permite a cria\u00e7\u00e3o de novas estrat\u00e9gias de mercado, mais convergentes e integradas.<\/p>\n<p>No entanto, para que a IoT seja amplamente adotada, uma s\u00e9rie de desafios devem ser vencidos. Pol\u00edticas de seguran\u00e7a precisam ser redefinidas e processos reavaliados. Dessa forma, os novos dispositivos n\u00e3o causar\u00e3o impactos negativos na estrutura interna do empreendimento, seja aumentando o n\u00famero de vulnerabilidades ou gerando gargalos na rede corporativa.<\/p>\n<h2>Como a internet das coisas impacta as empresas<\/h2>\n<p>A internet das coisas tem como base o uso de gadgets que utilizam redes sem fio para coleta e troca de dados. No ambiente corporativo, isso d\u00e1 a possibilidade para gestores obterem uma vis\u00e3o ampla do ambiente operacional. Consequentemente, a compreens\u00e3o da origem de gargalos e outros problemas operacionais ser\u00e1 mais ampla, permitindo a aplica\u00e7\u00e3o de medidas que tornam o ambiente de trabalho mais eficaz.<\/p>\n<p>Da mesma forma, a internet das coisas pode ser catalisadora de servi\u00e7os e produtos mais inovadores. A an\u00e1lise e o processamento de dados digitais facilita a verifica\u00e7\u00e3o de padr\u00f5es de mercado. Assim, <a href=\"https:\/\/blog.fcamara.com.br\/\/big-data-marketing-como-os-dados-estao-revolucionando-as-vendas\/\"><u>analistas conseguir\u00e3o criar rotinas mais ousadas<\/u><\/a> e com uma capacidade de gerar receitas maiores.<\/p>\n<p>Um exemplo de produto que utiliza IoT \u00e9 o TOS+ (Terminal Operating System Plus). O software foi desenvolvido pela Athenas Logistics Technology (<a href=\"http:\/\/athen.as\/\" target=\"_blank\" rel=\"noopener noreferrer\">http:\/\/athen.as<\/a>) e lan\u00e7ado no inicio de 2016 para atender um nicho espec\u00edfico da log\u00edstica, portos e terminais de carga. Essas s\u00e3o opera\u00e7\u00f5es extremamente din\u00e2micas e com envolvimento de grande processamento de dados e demandante de varias integra\u00e7\u00f5es. Sao parte da opera\u00e7\u00e3o dispositivos como: Scanner (Raio-x, como usados em aeroportos), Totens de biometria, impressoras, Tablets, Coletores de dados e Equipamentos pesados (Guindastes RTGs, Porteineres e Empilhadeiras). Alem dos hardwares, ha v\u00e1rios softwares que podem trabalhar de forma integrada com a opera\u00e7\u00e3o. Sao exemplo: sistema de qualidade, sistema financeiro (ERPs), sistema de relacionamento com as autoridades, Receita Federal, entre outros.<\/p>\n<p class=\"ecxMsoNormal\">O TOS+ trabalha no conceito mais avan\u00e7ado de IoT, definindo previamente os \u201ccontratos e assinaturas\u201d para as integra\u00e7\u00f5es, o que facilita o entendimento entre os v\u00e1rios fornecedores. A partir das integra\u00e7\u00f5es, o software realiza processamento para automa\u00e7\u00e3o e otimiza\u00e7\u00e3o da opera\u00e7\u00e3o e da gest\u00e3o do negocio. Neste caso, as integra\u00e7\u00f5es permitem que os gestores tomem decis\u00f5es realtime junto a opera\u00e7\u00e3o. Possibilita tamb\u00e9m que trabalhem o planejamento e as conting\u00eancias de forma estruturada. Alem disso, no conceito machine to machine, os dispositivos e sistemas s\u00e3o monitorados pelo TOS+, via IoT para que a equipe de TI tenha acesso a um dashboard online com a \u201csa\u00fade&#8221; das integra\u00e7\u00f5es e dos dispositivos. Dessa forma, em caso de potenciais problemas com um hardware ou sua integra\u00e7\u00e3o, os respons\u00e1veis podem ser acessados online para atuarem de forma preventiva. Para o negocio, o resultado \u00e9 a redu\u00e7\u00e3o de custos (operacionais e administrativos), dos riscos de ruptura e potencial aumento das Receitas.<\/p>\n<h2>O papel do arquiteto corporativo na expans\u00e3o da internet das coisas<\/h2>\n<p>O arquiteto corporativo \u00e9 o profissional de TI que possui como miss\u00e3o encontrar solu\u00e7\u00f5es que possam otimizar o ambiente de trabalho e colocar em sintonia a infraestrutura de TI com os objetivos de m\u00e9dio e longo prazo do empreendimento. Isso ser\u00e1 feito por meio de processos de an\u00e1lise, identifica\u00e7\u00e3o de tend\u00eancias que possam ser implementadas e melhorias nas rotinas de trabalho.<\/p>\n<p>Nesse sentido, o arquiteto corporativo poder\u00e1 utilizar a internet das coisas como uma catalisadora de processos mais inovadores e com maior integra\u00e7\u00e3o. Os dados obtidos pelos dispositivos poder\u00e3o ser utilizados em <a href=\"https:\/\/blog.fcamara.com.br\/\/pos-venda-como-reduzir-custos-e-ter-melhores-resultados-usando-bi\/\"><u>processos de an\u00e1lise<\/u><\/a> e rastreamento de falhas. Assim, a infraestrutura de TI ter\u00e1 uma capacidade maior de viabilizar novos canais de atua\u00e7\u00e3o, assim como a expans\u00e3o para novos mercados e o aumento cont\u00ednuo de receitas.<\/p>\n<p>Agora \u00e9 a sua vez: qual a sua opini\u00e3o sobre a internet das coisas? Conta pra gente!<\/p>\n","protected":false},"excerpt":{"rendered":"<p>A internet das coisas (ou IoT) \u00e9 uma das tend\u00eancias em TI que apresenta um dos maiores potenciais de gera\u00e7\u00e3o de valor para os pr\u00f3ximos anos. Os gadgets inteligentes podem ser incorporados a v\u00e1rios processos corporativos, aumentando a efici\u00eancia de companhias e permitindo que novos servi\u00e7os sejam criados. Al\u00e9m disso, com o maior n\u00famero de&hellip;<\/p>\n","protected":false},"author":2,"featured_media":630,"comment_status":"open","ping_status":"open","sticky":false,"template":"","format":"standard","meta":{"footnotes":""},"categories":[110,349],"tags":[],"post_series":[],"class_list":["post-628","post","type-post","status-publish","format-standard","has-post-thumbnail","hentry","category-carreira","category-varejo","entry","has-media"],"yoast_head":"<!-- This site is optimized with the Yoast SEO plugin v27.2 - https:\/\/yoast.com\/product\/yoast-seo-wordpress\/ -->\n<title>Blog da FCamara - O papel do profissional de TI na gest\u00e3o de IoT<\/title>\n<meta name=\"description\" content=\"A internet das coisas \u00e9 uma das tend\u00eancias com maior potencial de gera\u00e7\u00e3o de valor nos pr\u00f3ximos anos. Saiba o papel do profissional de TI nesse processo!\" \/>\n<meta name=\"robots\" content=\"index, follow, max-snippet:-1, max-image-preview:large, max-video-preview:-1\" \/>\n<link rel=\"canonical\" href=\"https:\/\/fcamara.com\/blog\/qual-o-papel-do-profissional-de-ti-na-gestao-da-internet-das-coisas\/\" \/>\n<meta property=\"og:locale\" content=\"pt_BR\" \/>\n<meta property=\"og:type\" content=\"article\" \/>\n<meta property=\"og:title\" content=\"Blog da FCamara - O papel do profissional de TI na gest\u00e3o de IoT\" \/>\n<meta property=\"og:description\" content=\"A internet das coisas \u00e9 uma das tend\u00eancias com maior potencial de gera\u00e7\u00e3o de valor nos pr\u00f3ximos anos. Saiba o papel do profissional de TI nesse processo!\" \/>\n<meta property=\"og:url\" content=\"https:\/\/fcamara.com\/blog\/qual-o-papel-do-profissional-de-ti-na-gestao-da-internet-das-coisas\/\" \/>\n<meta property=\"og:site_name\" content=\"Blog da FCamara\" \/>\n<meta property=\"article:published_time\" content=\"2016-08-16T16:40:31+00:00\" \/>\n<meta property=\"article:modified_time\" content=\"2022-12-05T14:35:32+00:00\" \/>\n<meta property=\"og:image\" content=\"https:\/\/fcamara.com\/blog\/wp-content\/uploads\/2016\/08\/qual-o-papel-do-profissional-de-ti-na-gestao-da-internet-das-coisas.jpeg\" \/>\n\t<meta property=\"og:image:width\" content=\"1000\" \/>\n\t<meta property=\"og:image:height\" content=\"500\" \/>\n\t<meta property=\"og:image:type\" content=\"image\/jpeg\" \/>\n<meta name=\"author\" content=\"FCamara\" \/>\n<meta name=\"twitter:card\" content=\"summary_large_image\" \/>\n<meta name=\"twitter:label1\" content=\"Escrito por\" \/>\n\t<meta name=\"twitter:data1\" content=\"FCamara\" \/>\n\t<meta name=\"twitter:label2\" content=\"Est. tempo de leitura\" \/>\n\t<meta name=\"twitter:data2\" content=\"4 minutos\" \/>\n<script type=\"application\/ld+json\" class=\"yoast-schema-graph\">{\"@context\":\"https:\/\/schema.org\",\"@graph\":[{\"@type\":\"Article\",\"@id\":\"https:\/\/fcamara.com\/blog\/qual-o-papel-do-profissional-de-ti-na-gestao-da-internet-das-coisas\/#article\",\"isPartOf\":{\"@id\":\"https:\/\/fcamara.com\/blog\/qual-o-papel-do-profissional-de-ti-na-gestao-da-internet-das-coisas\/\"},\"author\":{\"name\":\"FCamara\",\"@id\":\"https:\/\/fcamara.com\/blog\/#\/schema\/person\/31fd30b4025f857a93de804f3d73851a\"},\"headline\":\"Qual o papel do profissional de TI na gest\u00e3o da internet das coisas?\",\"datePublished\":\"2016-08-16T16:40:31+00:00\",\"dateModified\":\"2022-12-05T14:35:32+00:00\",\"mainEntityOfPage\":{\"@id\":\"https:\/\/fcamara.com\/blog\/qual-o-papel-do-profissional-de-ti-na-gestao-da-internet-das-coisas\/\"},\"wordCount\":912,\"commentCount\":0,\"publisher\":{\"@id\":\"https:\/\/fcamara.com\/blog\/#organization\"},\"image\":{\"@id\":\"https:\/\/fcamara.com\/blog\/qual-o-papel-do-profissional-de-ti-na-gestao-da-internet-das-coisas\/#primaryimage\"},\"thumbnailUrl\":\"https:\/\/fcamara.com\/blog\/wp-content\/uploads\/2016\/08\/qual-o-papel-do-profissional-de-ti-na-gestao-da-internet-das-coisas.jpeg\",\"articleSection\":[\"Carreira\",\"Varejo\"],\"inLanguage\":\"pt-BR\",\"potentialAction\":[{\"@type\":\"CommentAction\",\"name\":\"Comment\",\"target\":[\"https:\/\/fcamara.com\/blog\/qual-o-papel-do-profissional-de-ti-na-gestao-da-internet-das-coisas\/#respond\"]}]},{\"@type\":\"WebPage\",\"@id\":\"https:\/\/fcamara.com\/blog\/qual-o-papel-do-profissional-de-ti-na-gestao-da-internet-das-coisas\/\",\"url\":\"https:\/\/fcamara.com\/blog\/qual-o-papel-do-profissional-de-ti-na-gestao-da-internet-das-coisas\/\",\"name\":\"Blog da FCamara - O papel do profissional de TI na gest\u00e3o de IoT\",\"isPartOf\":{\"@id\":\"https:\/\/fcamara.com\/blog\/#website\"},\"primaryImageOfPage\":{\"@id\":\"https:\/\/fcamara.com\/blog\/qual-o-papel-do-profissional-de-ti-na-gestao-da-internet-das-coisas\/#primaryimage\"},\"image\":{\"@id\":\"https:\/\/fcamara.com\/blog\/qual-o-papel-do-profissional-de-ti-na-gestao-da-internet-das-coisas\/#primaryimage\"},\"thumbnailUrl\":\"https:\/\/fcamara.com\/blog\/wp-content\/uploads\/2016\/08\/qual-o-papel-do-profissional-de-ti-na-gestao-da-internet-das-coisas.jpeg\",\"datePublished\":\"2016-08-16T16:40:31+00:00\",\"dateModified\":\"2022-12-05T14:35:32+00:00\",\"description\":\"A internet das coisas \u00e9 uma das tend\u00eancias com maior potencial de gera\u00e7\u00e3o de valor nos pr\u00f3ximos anos. Saiba o papel do profissional de TI nesse processo!\",\"breadcrumb\":{\"@id\":\"https:\/\/fcamara.com\/blog\/qual-o-papel-do-profissional-de-ti-na-gestao-da-internet-das-coisas\/#breadcrumb\"},\"inLanguage\":\"pt-BR\",\"potentialAction\":[{\"@type\":\"ReadAction\",\"target\":[\"https:\/\/fcamara.com\/blog\/qual-o-papel-do-profissional-de-ti-na-gestao-da-internet-das-coisas\/\"]}]},{\"@type\":\"ImageObject\",\"inLanguage\":\"pt-BR\",\"@id\":\"https:\/\/fcamara.com\/blog\/qual-o-papel-do-profissional-de-ti-na-gestao-da-internet-das-coisas\/#primaryimage\",\"url\":\"https:\/\/fcamara.com\/blog\/wp-content\/uploads\/2016\/08\/qual-o-papel-do-profissional-de-ti-na-gestao-da-internet-das-coisas.jpeg\",\"contentUrl\":\"https:\/\/fcamara.com\/blog\/wp-content\/uploads\/2016\/08\/qual-o-papel-do-profissional-de-ti-na-gestao-da-internet-das-coisas.jpeg\",\"width\":1000,\"height\":500},{\"@type\":\"BreadcrumbList\",\"@id\":\"https:\/\/fcamara.com\/blog\/qual-o-papel-do-profissional-de-ti-na-gestao-da-internet-das-coisas\/#breadcrumb\",\"itemListElement\":[{\"@type\":\"ListItem\",\"position\":1,\"name\":\"In\u00edcio\",\"item\":\"https:\/\/fcamara.com\/blog\/\"},{\"@type\":\"ListItem\",\"position\":2,\"name\":\"Carreira\",\"item\":\"https:\/\/fcamara.com\/blog\/categoria\/carreira\/\"},{\"@type\":\"ListItem\",\"position\":3,\"name\":\"Qual o papel do profissional de TI na gest\u00e3o da internet das coisas?\"}]},{\"@type\":\"WebSite\",\"@id\":\"https:\/\/fcamara.com\/blog\/#website\",\"url\":\"https:\/\/fcamara.com\/blog\/\",\"name\":\"Blog da FCamara\",\"description\":\"Esta \u00e9 a \u00e1rea de insights sobre o mercado de tecnologia.\",\"publisher\":{\"@id\":\"https:\/\/fcamara.com\/blog\/#organization\"},\"potentialAction\":[{\"@type\":\"SearchAction\",\"target\":{\"@type\":\"EntryPoint\",\"urlTemplate\":\"https:\/\/fcamara.com\/blog\/?s={search_term_string}\"},\"query-input\":{\"@type\":\"PropertyValueSpecification\",\"valueRequired\":true,\"valueName\":\"search_term_string\"}}],\"inLanguage\":\"pt-BR\"},{\"@type\":\"Organization\",\"@id\":\"https:\/\/fcamara.com\/blog\/#organization\",\"name\":\"Blog da FCamara\",\"url\":\"https:\/\/fcamara.com\/blog\/\",\"logo\":{\"@type\":\"ImageObject\",\"inLanguage\":\"pt-BR\",\"@id\":\"https:\/\/fcamara.com\/blog\/#\/schema\/logo\/image\/\",\"url\":\"https:\/\/fcamara.com\/blog\/wp-content\/uploads\/2024\/07\/FCamara-Blog-laranja.webp\",\"contentUrl\":\"https:\/\/fcamara.com\/blog\/wp-content\/uploads\/2024\/07\/FCamara-Blog-laranja.webp\",\"width\":459,\"height\":68,\"caption\":\"Blog da FCamara\"},\"image\":{\"@id\":\"https:\/\/fcamara.com\/blog\/#\/schema\/logo\/image\/\"}},{\"@type\":\"Person\",\"@id\":\"https:\/\/fcamara.com\/blog\/#\/schema\/person\/31fd30b4025f857a93de804f3d73851a\",\"name\":\"FCamara\",\"image\":{\"@type\":\"ImageObject\",\"inLanguage\":\"pt-BR\",\"@id\":\"https:\/\/secure.gravatar.com\/avatar\/a5d9fbf0e0a80749615937585a2bf0463473729433b0db26ec6eabac55ae3d20?s=96&d=mm&r=g\",\"url\":\"https:\/\/secure.gravatar.com\/avatar\/a5d9fbf0e0a80749615937585a2bf0463473729433b0db26ec6eabac55ae3d20?s=96&d=mm&r=g\",\"contentUrl\":\"https:\/\/secure.gravatar.com\/avatar\/a5d9fbf0e0a80749615937585a2bf0463473729433b0db26ec6eabac55ae3d20?s=96&d=mm&r=g\",\"caption\":\"FCamara\"},\"sameAs\":[\"https:\/\/fcamara.com\/\",\"https:\/\/www.instagram.com\/grupo.fcamara\/\",\"https:\/\/www.linkedin.com\/company\/grupofcamara\/\"],\"url\":\"https:\/\/fcamara.com\/blog\/author\/fcamara\/\"}]}<\/script>\n<!-- \/ Yoast SEO plugin. -->","yoast_head_json":{"title":"Blog da FCamara - O papel do profissional de TI na gest\u00e3o de IoT","description":"A internet das coisas \u00e9 uma das tend\u00eancias com maior potencial de gera\u00e7\u00e3o de valor nos pr\u00f3ximos anos. Saiba o papel do profissional de TI nesse processo!","robots":{"index":"index","follow":"follow","max-snippet":"max-snippet:-1","max-image-preview":"max-image-preview:large","max-video-preview":"max-video-preview:-1"},"canonical":"https:\/\/fcamara.com\/blog\/qual-o-papel-do-profissional-de-ti-na-gestao-da-internet-das-coisas\/","og_locale":"pt_BR","og_type":"article","og_title":"Blog da FCamara - O papel do profissional de TI na gest\u00e3o de IoT","og_description":"A internet das coisas \u00e9 uma das tend\u00eancias com maior potencial de gera\u00e7\u00e3o de valor nos pr\u00f3ximos anos. Saiba o papel do profissional de TI nesse processo!","og_url":"https:\/\/fcamara.com\/blog\/qual-o-papel-do-profissional-de-ti-na-gestao-da-internet-das-coisas\/","og_site_name":"Blog da FCamara","article_published_time":"2016-08-16T16:40:31+00:00","article_modified_time":"2022-12-05T14:35:32+00:00","og_image":[{"width":1000,"height":500,"url":"https:\/\/fcamara.com\/blog\/wp-content\/uploads\/2016\/08\/qual-o-papel-do-profissional-de-ti-na-gestao-da-internet-das-coisas.jpeg","type":"image\/jpeg"}],"author":"FCamara","twitter_card":"summary_large_image","twitter_misc":{"Escrito por":"FCamara","Est. tempo de leitura":"4 minutos"},"schema":{"@context":"https:\/\/schema.org","@graph":[{"@type":"Article","@id":"https:\/\/fcamara.com\/blog\/qual-o-papel-do-profissional-de-ti-na-gestao-da-internet-das-coisas\/#article","isPartOf":{"@id":"https:\/\/fcamara.com\/blog\/qual-o-papel-do-profissional-de-ti-na-gestao-da-internet-das-coisas\/"},"author":{"name":"FCamara","@id":"https:\/\/fcamara.com\/blog\/#\/schema\/person\/31fd30b4025f857a93de804f3d73851a"},"headline":"Qual o papel do profissional de TI na gest\u00e3o da internet das coisas?","datePublished":"2016-08-16T16:40:31+00:00","dateModified":"2022-12-05T14:35:32+00:00","mainEntityOfPage":{"@id":"https:\/\/fcamara.com\/blog\/qual-o-papel-do-profissional-de-ti-na-gestao-da-internet-das-coisas\/"},"wordCount":912,"commentCount":0,"publisher":{"@id":"https:\/\/fcamara.com\/blog\/#organization"},"image":{"@id":"https:\/\/fcamara.com\/blog\/qual-o-papel-do-profissional-de-ti-na-gestao-da-internet-das-coisas\/#primaryimage"},"thumbnailUrl":"https:\/\/fcamara.com\/blog\/wp-content\/uploads\/2016\/08\/qual-o-papel-do-profissional-de-ti-na-gestao-da-internet-das-coisas.jpeg","articleSection":["Carreira","Varejo"],"inLanguage":"pt-BR","potentialAction":[{"@type":"CommentAction","name":"Comment","target":["https:\/\/fcamara.com\/blog\/qual-o-papel-do-profissional-de-ti-na-gestao-da-internet-das-coisas\/#respond"]}]},{"@type":"WebPage","@id":"https:\/\/fcamara.com\/blog\/qual-o-papel-do-profissional-de-ti-na-gestao-da-internet-das-coisas\/","url":"https:\/\/fcamara.com\/blog\/qual-o-papel-do-profissional-de-ti-na-gestao-da-internet-das-coisas\/","name":"Blog da FCamara - O papel do profissional de TI na gest\u00e3o de IoT","isPartOf":{"@id":"https:\/\/fcamara.com\/blog\/#website"},"primaryImageOfPage":{"@id":"https:\/\/fcamara.com\/blog\/qual-o-papel-do-profissional-de-ti-na-gestao-da-internet-das-coisas\/#primaryimage"},"image":{"@id":"https:\/\/fcamara.com\/blog\/qual-o-papel-do-profissional-de-ti-na-gestao-da-internet-das-coisas\/#primaryimage"},"thumbnailUrl":"https:\/\/fcamara.com\/blog\/wp-content\/uploads\/2016\/08\/qual-o-papel-do-profissional-de-ti-na-gestao-da-internet-das-coisas.jpeg","datePublished":"2016-08-16T16:40:31+00:00","dateModified":"2022-12-05T14:35:32+00:00","description":"A internet das coisas \u00e9 uma das tend\u00eancias com maior potencial de gera\u00e7\u00e3o de valor nos pr\u00f3ximos anos. Saiba o papel do profissional de TI nesse processo!","breadcrumb":{"@id":"https:\/\/fcamara.com\/blog\/qual-o-papel-do-profissional-de-ti-na-gestao-da-internet-das-coisas\/#breadcrumb"},"inLanguage":"pt-BR","potentialAction":[{"@type":"ReadAction","target":["https:\/\/fcamara.com\/blog\/qual-o-papel-do-profissional-de-ti-na-gestao-da-internet-das-coisas\/"]}]},{"@type":"ImageObject","inLanguage":"pt-BR","@id":"https:\/\/fcamara.com\/blog\/qual-o-papel-do-profissional-de-ti-na-gestao-da-internet-das-coisas\/#primaryimage","url":"https:\/\/fcamara.com\/blog\/wp-content\/uploads\/2016\/08\/qual-o-papel-do-profissional-de-ti-na-gestao-da-internet-das-coisas.jpeg","contentUrl":"https:\/\/fcamara.com\/blog\/wp-content\/uploads\/2016\/08\/qual-o-papel-do-profissional-de-ti-na-gestao-da-internet-das-coisas.jpeg","width":1000,"height":500},{"@type":"BreadcrumbList","@id":"https:\/\/fcamara.com\/blog\/qual-o-papel-do-profissional-de-ti-na-gestao-da-internet-das-coisas\/#breadcrumb","itemListElement":[{"@type":"ListItem","position":1,"name":"In\u00edcio","item":"https:\/\/fcamara.com\/blog\/"},{"@type":"ListItem","position":2,"name":"Carreira","item":"https:\/\/fcamara.com\/blog\/categoria\/carreira\/"},{"@type":"ListItem","position":3,"name":"Qual o papel do profissional de TI na gest\u00e3o da internet das coisas?"}]},{"@type":"WebSite","@id":"https:\/\/fcamara.com\/blog\/#website","url":"https:\/\/fcamara.com\/blog\/","name":"Blog da FCamara","description":"Esta \u00e9 a \u00e1rea de insights sobre o mercado de tecnologia.","publisher":{"@id":"https:\/\/fcamara.com\/blog\/#organization"},"potentialAction":[{"@type":"SearchAction","target":{"@type":"EntryPoint","urlTemplate":"https:\/\/fcamara.com\/blog\/?s={search_term_string}"},"query-input":{"@type":"PropertyValueSpecification","valueRequired":true,"valueName":"search_term_string"}}],"inLanguage":"pt-BR"},{"@type":"Organization","@id":"https:\/\/fcamara.com\/blog\/#organization","name":"Blog da FCamara","url":"https:\/\/fcamara.com\/blog\/","logo":{"@type":"ImageObject","inLanguage":"pt-BR","@id":"https:\/\/fcamara.com\/blog\/#\/schema\/logo\/image\/","url":"https:\/\/fcamara.com\/blog\/wp-content\/uploads\/2024\/07\/FCamara-Blog-laranja.webp","contentUrl":"https:\/\/fcamara.com\/blog\/wp-content\/uploads\/2024\/07\/FCamara-Blog-laranja.webp","width":459,"height":68,"caption":"Blog da FCamara"},"image":{"@id":"https:\/\/fcamara.com\/blog\/#\/schema\/logo\/image\/"}},{"@type":"Person","@id":"https:\/\/fcamara.com\/blog\/#\/schema\/person\/31fd30b4025f857a93de804f3d73851a","name":"FCamara","image":{"@type":"ImageObject","inLanguage":"pt-BR","@id":"https:\/\/secure.gravatar.com\/avatar\/a5d9fbf0e0a80749615937585a2bf0463473729433b0db26ec6eabac55ae3d20?s=96&d=mm&r=g","url":"https:\/\/secure.gravatar.com\/avatar\/a5d9fbf0e0a80749615937585a2bf0463473729433b0db26ec6eabac55ae3d20?s=96&d=mm&r=g","contentUrl":"https:\/\/secure.gravatar.com\/avatar\/a5d9fbf0e0a80749615937585a2bf0463473729433b0db26ec6eabac55ae3d20?s=96&d=mm&r=g","caption":"FCamara"},"sameAs":["https:\/\/fcamara.com\/","https:\/\/www.instagram.com\/grupo.fcamara\/","https:\/\/www.linkedin.com\/company\/grupofcamara\/"],"url":"https:\/\/fcamara.com\/blog\/author\/fcamara\/"}]}},"lang":"br","translations":{"br":628},"pll_sync_post":[],"_links":{"self":[{"href":"https:\/\/fcamara.com\/blog\/wp-json\/wp\/v2\/posts\/628","targetHints":{"allow":["GET"]}}],"collection":[{"href":"https:\/\/fcamara.com\/blog\/wp-json\/wp\/v2\/posts"}],"about":[{"href":"https:\/\/fcamara.com\/blog\/wp-json\/wp\/v2\/types\/post"}],"author":[{"embeddable":true,"href":"https:\/\/fcamara.com\/blog\/wp-json\/wp\/v2\/users\/2"}],"replies":[{"embeddable":true,"href":"https:\/\/fcamara.com\/blog\/wp-json\/wp\/v2\/comments?post=628"}],"version-history":[{"count":1,"href":"https:\/\/fcamara.com\/blog\/wp-json\/wp\/v2\/posts\/628\/revisions"}],"predecessor-version":[{"id":5926,"href":"https:\/\/fcamara.com\/blog\/wp-json\/wp\/v2\/posts\/628\/revisions\/5926"}],"wp:featuredmedia":[{"embeddable":true,"href":"https:\/\/fcamara.com\/blog\/wp-json\/wp\/v2\/media\/630"}],"wp:attachment":[{"href":"https:\/\/fcamara.com\/blog\/wp-json\/wp\/v2\/media?parent=628"}],"wp:term":[{"taxonomy":"category","embeddable":true,"href":"https:\/\/fcamara.com\/blog\/wp-json\/wp\/v2\/categories?post=628"},{"taxonomy":"post_tag","embeddable":true,"href":"https:\/\/fcamara.com\/blog\/wp-json\/wp\/v2\/tags?post=628"},{"taxonomy":"post_series","embeddable":true,"href":"https:\/\/fcamara.com\/blog\/wp-json\/wp\/v2\/post_series?post=628"}],"curies":[{"name":"wp","href":"https:\/\/api.w.org\/{rel}","templated":true}]}}