{"id":6327,"date":"2023-02-27T16:03:42","date_gmt":"2023-02-27T19:03:42","guid":{"rendered":"https:\/\/fcamara.com\/blog\/?p=6327"},"modified":"2023-02-28T14:36:52","modified_gmt":"2023-02-28T17:36:52","slug":"social-commerce-deve-crescer-3x-mais-rapido-do-que-e-commerce","status":"publish","type":"post","link":"https:\/\/fcamara.com\/blog\/social-commerce-deve-crescer-3x-mais-rapido-do-que-e-commerce\/","title":{"rendered":"Social commerce deve crescer 3x mais r\u00e1pido do que e-commerce"},"content":{"rendered":"<p><i><span style=\"font-weight: 400;\">Social commerce<\/span><\/i><span style=\"font-weight: 400;\"> \u00e9 uma tend\u00eancia em voga que n\u00e3o para de crescer. Primeiramente, \u00e9 um formato de vendas que usa as redes sociais para atrair mais vendas e novos clientes, al\u00e9m de aumentar a intera\u00e7\u00e3o entre o consumidor, a marca e o produto.\u00a0<\/span><\/p>\n<p><span style=\"font-weight: 400;\">Desde que a pandemia acelerou o processo de transforma\u00e7\u00e3o digital das empresas, as redes sociais se fortaleceram como canais estrat\u00e9gicos para os <\/span><i><span style=\"font-weight: 400;\">e-commerces<\/span><\/i><span style=\"font-weight: 400;\"> se conectarem mais ao p\u00fablico e ampliarem o faturamento.\u00a0<\/span><\/p>\n<p><span style=\"font-weight: 400;\">Nesse cen\u00e1rio, o<\/span><i><span style=\"font-weight: 400;\"> social commerce <\/span><\/i><span style=\"font-weight: 400;\">ajuda os lojistas a oferecerem novos tipos de experi\u00eancias de compras e fluxos de receita. Para se ter ideia, a estrat\u00e9gia \u00e9 t\u00e3o promissora que deve crescer, at\u00e9 2025, tr\u00eas vezes mais r\u00e1pido do que o com\u00e9rcio eletr\u00f4nico tradicional, <\/span><span style=\"font-weight: 400;\">segundo o aprofundado estudo <em>\u201cWhy Shopping\u2019s Set for a Social Revolution | The future of shopping&#8221;<\/em> &#8211; que fala da jun\u00e7\u00e3o de experi\u00eancias em canais sociais com transa\u00e7\u00f5es <em>via e\u2013commerce.<\/em><\/span><\/p>\n<p><span style=\"font-weight: 400;\">Esse crescimento promete ser impulsionado, de acordo com a pesquisa, pela gera\u00e7\u00e3o Z e pelos <\/span><i><span style=\"font-weight: 400;\">millennials<\/span><\/i><span style=\"font-weight: 400;\">. Isso porque, juntos, eles responder\u00e3o por 62% dos gastos globais no<\/span><i><span style=\"font-weight: 400;\"> social commerce<\/span><\/i><span style=\"font-weight: 400;\"> at\u00e9 2025.\u00a0<\/span><\/p>\n<p><span style=\"font-weight: 400;\">Al\u00e9m disso, nem s\u00f3 as grandes marcas varejistas podem se beneficiar do <\/span><i><span style=\"font-weight: 400;\">social commerce<\/span><\/i><span style=\"font-weight: 400;\">. Mais da metade (59%) dos compradores entrevistados, por exemplo, afirmaram que s\u00e3o mais propensos a apoiar pequenas e m\u00e9dias empresas por meio do <\/span><i><span style=\"font-weight: 400;\">social commerce<\/span><\/i><span style=\"font-weight: 400;\">. J\u00e1 63% disseram que preferem comprar do mesmo vendedor, o que mostra a import\u00e2ncia do <\/span><i><span style=\"font-weight: 400;\">social commerce <\/span><\/i><span style=\"font-weight: 400;\">na constru\u00e7\u00e3o de fidelidade e na recompra.<\/span><\/p>\n<p><span style=\"font-weight: 400;\">Outro dado interessante \u00e9 que o maior n\u00famero de compras <\/span><i><span style=\"font-weight: 400;\">online <\/span><\/i><span style=\"font-weight: 400;\">deve ser feito em roupas (18% de todo o <\/span><i><span style=\"font-weight: 400;\">social commerce<\/span><\/i><span style=\"font-weight: 400;\"> at\u00e9 2025), eletr\u00f4nicos (13%) e decora\u00e7\u00e3o de casa (7%). Portanto, se voc\u00ea \u00e9 varejista de algum desses nichos, que tal investir no <\/span><i><span style=\"font-weight: 400;\">social commerce<\/span><\/i><span style=\"font-weight: 400;\">?<\/span><\/p>\n<h2><b>Por que o social commerce est\u00e1 ganhando mais espa\u00e7o no mercado?<\/b><\/h2>\n<p><span style=\"font-weight: 400;\">Atualmente, cerca de 3,5 bilh\u00f5es de pessoas usam redes sociais, como <\/span><i><span style=\"font-weight: 400;\">Instagram, Facebook e TikTok<\/span><\/i><span style=\"font-weight: 400;\">. Em m\u00e9dia, os consumidores passam duas horas e meia por dia nessas plataformas. Seja para ler not\u00edcias, se entreter, se comunicar e, agora, comprar.\u00a0<\/span><\/p>\n<p><span style=\"font-weight: 400;\">Assim sendo, o tempo gasto nas redes sociais reflete como essas plataformas se tornaram essenciais e transformaram o varejo digital, bem como a maneira que as pessoas compram e vendem.<\/span><\/p>\n<p><span style=\"font-weight: 400;\">Al\u00e9m disso,<\/span> <span style=\"font-weight: 400;\">hoje, os usu\u00e1rios querem adquirir produtos e servi\u00e7os com base em recomenda\u00e7\u00f5es de pessoas em quem confiam. Essas pessoas tanto podem ser familiares e amigos quanto influenciadores que eles acompanham nas plataformas digitais. Afinal, \u00e9 mais f\u00e1cil confiar em um produto se algu\u00e9m estiver afirmando que ele \u00e9 bom, concorda?<\/span><\/p>\n<p><span style=\"font-weight: 400;\">Nesse sentido, o <\/span><i><span style=\"font-weight: 400;\">social commerce <\/span><\/i><span style=\"font-weight: 400;\">supre essa necessidade e ajuda a refor\u00e7ar a autoridade da marca. E, da mesma forma, proporciona uma experi\u00eancia de compra mais r\u00e1pida, simples e personalizada. Se o varejista n\u00e3o conta com uma plataforma de<em> e-commerce<\/em> atualizada na vers\u00e3o mais recente e com um<em> front-end<\/em> que <a href=\"https:\/\/fcamara.com\/jornada-ecommerce\/\">favore\u00e7a excelente experi\u00eancia<\/a>, as redes sociais t\u00eam como premissa velocidade de carregamento e estabilidade no ar para oferecer como padr\u00e3o de experi\u00eancia. <\/span><\/p>\n<p><span style=\"font-weight: 400;\">Nos canais sociais, o consumidor est\u00e1 com \u201ca guarda baixa\u201d, sem necessariamente ter pretens\u00e3o de comprar algo. Cabe ao anunciante produzir conte\u00fado convidativo para surpreender e gerar o impulso e desejo de compra com uma estrat\u00e9gia consistente de <em><a href=\"https:\/\/fcamara.com\/growth-performance\/\">inbound marketing.\u00a0<\/a><\/em><br \/>\n<\/span><\/p>\n<p><span style=\"font-weight: 400;\">Portanto, essa tend\u00eancia <\/span><span style=\"font-weight: 400;\">tem crescido pelo fato das pessoas estarem mais adeptas ao com\u00e9rcio <\/span><i><span style=\"font-weight: 400;\">online<\/span><\/i><span style=\"font-weight: 400;\">, assim como por facilitar as vendas direto nas plataformas e ter uma abordagem <\/span><i><span style=\"font-weight: 400;\">omnichannel<\/span><\/i><span style=\"font-weight: 400;\">, ou seja, proporciona uma experi\u00eancia uniforme em todos os canais de opera\u00e7\u00e3o e comunica\u00e7\u00e3o.<\/span><\/p>\n<p><span style=\"font-weight: 400;\">Pensar em aderir ao <em>social<\/em><\/span><i><span style=\"font-weight: 400;\"> commerce <\/span><\/i><span style=\"font-weight: 400;\">\u00e9 evoluir a estrat\u00e9gia de venda \u00a0do seu neg\u00f3cio e ampliar o alcance. <\/span><span style=\"font-weight: 400;\">Mas, nesta estrat\u00e9gia, o <em>omnichannel<\/em> n\u00e3o pode faltar, porque proporcionar coer\u00eancia e unidade de experi\u00eancia em m\u00faltiplos canais \u00e9 algo obrigat\u00f3rio, do contr\u00e1rio, contradi\u00e7\u00f5es das mais variadas sobre sua marca e seus produtos ser\u00e3o bastante comentadas nas redes sociais. <\/span><\/p>\n<p><span style=\"font-weight: 400;\"><em>Social commerce<\/em>, apesar de promissor e em crescimento acelerado, n\u00e3o deve substituir o <em>e-commerce<\/em> ou o <em>marketplace<\/em> tradicional t\u00e3o cedo. Afinal, nada como um canal de vendas pr\u00f3prio para chamar de seu, robusto e est\u00e1vel, que n\u00e3o est\u00e1 sujeito a mudan\u00e7as em algoritmos nem <em>roadmaps<\/em> de monetiza\u00e7\u00e3o -, quem aposta todas as fichas em vendas via redes sociais, inevitavelmente corre tal risco. <\/span><\/p>\n<p><span style=\"font-weight: 400;\">Em suma, prefira crescimento escal\u00e1vel e sustent\u00e1vel. Dentro do poss\u00edvel, utilize ferramentas, plataformas e <em>softwares<\/em> complementares muito bem integrados e priorize contar com um time especializado para executar com excel\u00eancia sua estrat\u00e9gia de varejo de curto, m\u00e9dio e longo prazo.\u00a0<\/span><\/p>\n","protected":false},"excerpt":{"rendered":"<p>Social commerce \u00e9 uma tend\u00eancia em voga que n\u00e3o para de crescer. Primeiramente, \u00e9 um formato de vendas que usa as redes sociais para atrair mais vendas e novos clientes, al\u00e9m de aumentar a intera\u00e7\u00e3o entre o consumidor, a marca e o produto.\u00a0 Desde que a pandemia acelerou o processo de transforma\u00e7\u00e3o digital das empresas,&hellip;<\/p>\n","protected":false},"author":2,"featured_media":6341,"comment_status":"open","ping_status":"open","sticky":false,"template":"","format":"standard","meta":{"footnotes":""},"categories":[412,349],"tags":[420],"post_series":[],"class_list":["post-6327","post","type-post","status-publish","format-standard","has-post-thumbnail","hentry","category-ecommerce-e-marketplace","category-varejo","tag-social-commerce","entry","has-media"],"yoast_head":"<!-- This site is optimized with the Yoast SEO plugin v27.2 - https:\/\/yoast.com\/product\/yoast-seo-wordpress\/ -->\n<title>Social commerce deve crescer 3x mais r\u00e1pido do que e-commerce<\/title>\n<meta name=\"description\" content=\"Estudo indica que o social commerce deve crescer 3x mais r\u00e1pido do que e-commerce. Entenda como a estrat\u00e9gia funciona e muito mais.\" \/>\n<meta name=\"robots\" content=\"index, follow, max-snippet:-1, max-image-preview:large, max-video-preview:-1\" \/>\n<link rel=\"canonical\" href=\"https:\/\/fcamara.com\/blog\/social-commerce-deve-crescer-3x-mais-rapido-do-que-e-commerce\/\" \/>\n<meta property=\"og:locale\" content=\"pt_BR\" \/>\n<meta property=\"og:type\" content=\"article\" \/>\n<meta property=\"og:title\" content=\"Social commerce deve crescer 3x mais r\u00e1pido do que e-commerce\" \/>\n<meta property=\"og:description\" content=\"Estudo indica que o social commerce deve crescer 3x mais r\u00e1pido do que e-commerce. Entenda como a estrat\u00e9gia funciona e muito mais.\" \/>\n<meta property=\"og:url\" content=\"https:\/\/fcamara.com\/blog\/social-commerce-deve-crescer-3x-mais-rapido-do-que-e-commerce\/\" \/>\n<meta property=\"og:site_name\" content=\"Blog da FCamara\" \/>\n<meta property=\"article:published_time\" content=\"2023-02-27T19:03:42+00:00\" \/>\n<meta property=\"article:modified_time\" content=\"2023-02-28T17:36:52+00:00\" \/>\n<meta property=\"og:image\" content=\"https:\/\/fcamara.com\/blog\/wp-content\/uploads\/2023\/02\/social-commerce-blog.png\" \/>\n\t<meta property=\"og:image:width\" content=\"2500\" \/>\n\t<meta property=\"og:image:height\" content=\"1459\" \/>\n\t<meta property=\"og:image:type\" content=\"image\/png\" \/>\n<meta name=\"author\" content=\"FCamara\" \/>\n<meta name=\"twitter:card\" content=\"summary_large_image\" \/>\n<meta name=\"twitter:label1\" content=\"Escrito por\" \/>\n\t<meta name=\"twitter:data1\" content=\"FCamara\" \/>\n\t<meta name=\"twitter:label2\" content=\"Est. tempo de leitura\" \/>\n\t<meta name=\"twitter:data2\" content=\"5 minutos\" \/>\n<script type=\"application\/ld+json\" class=\"yoast-schema-graph\">{\"@context\":\"https:\/\/schema.org\",\"@graph\":[{\"@type\":\"Article\",\"@id\":\"https:\/\/fcamara.com\/blog\/social-commerce-deve-crescer-3x-mais-rapido-do-que-e-commerce\/#article\",\"isPartOf\":{\"@id\":\"https:\/\/fcamara.com\/blog\/social-commerce-deve-crescer-3x-mais-rapido-do-que-e-commerce\/\"},\"author\":{\"name\":\"FCamara\",\"@id\":\"https:\/\/fcamara.com\/blog\/#\/schema\/person\/31fd30b4025f857a93de804f3d73851a\"},\"headline\":\"Social commerce deve crescer 3x mais r\u00e1pido do que e-commerce\",\"datePublished\":\"2023-02-27T19:03:42+00:00\",\"dateModified\":\"2023-02-28T17:36:52+00:00\",\"mainEntityOfPage\":{\"@id\":\"https:\/\/fcamara.com\/blog\/social-commerce-deve-crescer-3x-mais-rapido-do-que-e-commerce\/\"},\"wordCount\":809,\"commentCount\":0,\"publisher\":{\"@id\":\"https:\/\/fcamara.com\/blog\/#organization\"},\"image\":{\"@id\":\"https:\/\/fcamara.com\/blog\/social-commerce-deve-crescer-3x-mais-rapido-do-que-e-commerce\/#primaryimage\"},\"thumbnailUrl\":\"https:\/\/fcamara.com\/blog\/wp-content\/uploads\/2023\/02\/social-commerce-blog.png\",\"keywords\":[\"social commerce\"],\"articleSection\":[\"E-commerce &amp; Marketplace\",\"Varejo\"],\"inLanguage\":\"pt-BR\",\"potentialAction\":[{\"@type\":\"CommentAction\",\"name\":\"Comment\",\"target\":[\"https:\/\/fcamara.com\/blog\/social-commerce-deve-crescer-3x-mais-rapido-do-que-e-commerce\/#respond\"]}]},{\"@type\":\"WebPage\",\"@id\":\"https:\/\/fcamara.com\/blog\/social-commerce-deve-crescer-3x-mais-rapido-do-que-e-commerce\/\",\"url\":\"https:\/\/fcamara.com\/blog\/social-commerce-deve-crescer-3x-mais-rapido-do-que-e-commerce\/\",\"name\":\"Social commerce deve crescer 3x mais r\u00e1pido do que e-commerce\",\"isPartOf\":{\"@id\":\"https:\/\/fcamara.com\/blog\/#website\"},\"primaryImageOfPage\":{\"@id\":\"https:\/\/fcamara.com\/blog\/social-commerce-deve-crescer-3x-mais-rapido-do-que-e-commerce\/#primaryimage\"},\"image\":{\"@id\":\"https:\/\/fcamara.com\/blog\/social-commerce-deve-crescer-3x-mais-rapido-do-que-e-commerce\/#primaryimage\"},\"thumbnailUrl\":\"https:\/\/fcamara.com\/blog\/wp-content\/uploads\/2023\/02\/social-commerce-blog.png\",\"datePublished\":\"2023-02-27T19:03:42+00:00\",\"dateModified\":\"2023-02-28T17:36:52+00:00\",\"description\":\"Estudo indica que o social commerce deve crescer 3x mais r\u00e1pido do que e-commerce. Entenda como a estrat\u00e9gia funciona e muito mais.\",\"breadcrumb\":{\"@id\":\"https:\/\/fcamara.com\/blog\/social-commerce-deve-crescer-3x-mais-rapido-do-que-e-commerce\/#breadcrumb\"},\"inLanguage\":\"pt-BR\",\"potentialAction\":[{\"@type\":\"ReadAction\",\"target\":[\"https:\/\/fcamara.com\/blog\/social-commerce-deve-crescer-3x-mais-rapido-do-que-e-commerce\/\"]}]},{\"@type\":\"ImageObject\",\"inLanguage\":\"pt-BR\",\"@id\":\"https:\/\/fcamara.com\/blog\/social-commerce-deve-crescer-3x-mais-rapido-do-que-e-commerce\/#primaryimage\",\"url\":\"https:\/\/fcamara.com\/blog\/wp-content\/uploads\/2023\/02\/social-commerce-blog.png\",\"contentUrl\":\"https:\/\/fcamara.com\/blog\/wp-content\/uploads\/2023\/02\/social-commerce-blog.png\",\"width\":2500,\"height\":1459,\"caption\":\"Imagem com a foto de uma mulher sentada em um sof\u00e1, mostrando um blush de rosto, enquanto olha para uma c\u00e2mara, com o texto \u201cSocial commerce deve crescer 3x mais r\u00e1pido do que e-commerce\u201d.\"},{\"@type\":\"BreadcrumbList\",\"@id\":\"https:\/\/fcamara.com\/blog\/social-commerce-deve-crescer-3x-mais-rapido-do-que-e-commerce\/#breadcrumb\",\"itemListElement\":[{\"@type\":\"ListItem\",\"position\":1,\"name\":\"In\u00edcio\",\"item\":\"https:\/\/fcamara.com\/blog\/\"},{\"@type\":\"ListItem\",\"position\":2,\"name\":\"E-commerce &amp; Marketplace\",\"item\":\"https:\/\/fcamara.com\/blog\/categoria\/ecommerce-e-marketplace\/\"},{\"@type\":\"ListItem\",\"position\":3,\"name\":\"Social commerce deve crescer 3x mais r\u00e1pido do que e-commerce\"}]},{\"@type\":\"WebSite\",\"@id\":\"https:\/\/fcamara.com\/blog\/#website\",\"url\":\"https:\/\/fcamara.com\/blog\/\",\"name\":\"Blog da FCamara\",\"description\":\"Esta \u00e9 a \u00e1rea de insights sobre o mercado de tecnologia.\",\"publisher\":{\"@id\":\"https:\/\/fcamara.com\/blog\/#organization\"},\"potentialAction\":[{\"@type\":\"SearchAction\",\"target\":{\"@type\":\"EntryPoint\",\"urlTemplate\":\"https:\/\/fcamara.com\/blog\/?s={search_term_string}\"},\"query-input\":{\"@type\":\"PropertyValueSpecification\",\"valueRequired\":true,\"valueName\":\"search_term_string\"}}],\"inLanguage\":\"pt-BR\"},{\"@type\":\"Organization\",\"@id\":\"https:\/\/fcamara.com\/blog\/#organization\",\"name\":\"Blog da FCamara\",\"url\":\"https:\/\/fcamara.com\/blog\/\",\"logo\":{\"@type\":\"ImageObject\",\"inLanguage\":\"pt-BR\",\"@id\":\"https:\/\/fcamara.com\/blog\/#\/schema\/logo\/image\/\",\"url\":\"https:\/\/fcamara.com\/blog\/wp-content\/uploads\/2024\/07\/FCamara-Blog-laranja.webp\",\"contentUrl\":\"https:\/\/fcamara.com\/blog\/wp-content\/uploads\/2024\/07\/FCamara-Blog-laranja.webp\",\"width\":459,\"height\":68,\"caption\":\"Blog da FCamara\"},\"image\":{\"@id\":\"https:\/\/fcamara.com\/blog\/#\/schema\/logo\/image\/\"}},{\"@type\":\"Person\",\"@id\":\"https:\/\/fcamara.com\/blog\/#\/schema\/person\/31fd30b4025f857a93de804f3d73851a\",\"name\":\"FCamara\",\"image\":{\"@type\":\"ImageObject\",\"inLanguage\":\"pt-BR\",\"@id\":\"https:\/\/secure.gravatar.com\/avatar\/a5d9fbf0e0a80749615937585a2bf0463473729433b0db26ec6eabac55ae3d20?s=96&d=mm&r=g\",\"url\":\"https:\/\/secure.gravatar.com\/avatar\/a5d9fbf0e0a80749615937585a2bf0463473729433b0db26ec6eabac55ae3d20?s=96&d=mm&r=g\",\"contentUrl\":\"https:\/\/secure.gravatar.com\/avatar\/a5d9fbf0e0a80749615937585a2bf0463473729433b0db26ec6eabac55ae3d20?s=96&d=mm&r=g\",\"caption\":\"FCamara\"},\"sameAs\":[\"https:\/\/fcamara.com\/\",\"https:\/\/www.instagram.com\/grupo.fcamara\/\",\"https:\/\/www.linkedin.com\/company\/grupofcamara\/\"],\"url\":\"https:\/\/fcamara.com\/blog\/author\/fcamara\/\"}]}<\/script>\n<!-- \/ Yoast SEO plugin. -->","yoast_head_json":{"title":"Social commerce deve crescer 3x mais r\u00e1pido do que e-commerce","description":"Estudo indica que o social commerce deve crescer 3x mais r\u00e1pido do que e-commerce. Entenda como a estrat\u00e9gia funciona e muito mais.","robots":{"index":"index","follow":"follow","max-snippet":"max-snippet:-1","max-image-preview":"max-image-preview:large","max-video-preview":"max-video-preview:-1"},"canonical":"https:\/\/fcamara.com\/blog\/social-commerce-deve-crescer-3x-mais-rapido-do-que-e-commerce\/","og_locale":"pt_BR","og_type":"article","og_title":"Social commerce deve crescer 3x mais r\u00e1pido do que e-commerce","og_description":"Estudo indica que o social commerce deve crescer 3x mais r\u00e1pido do que e-commerce. Entenda como a estrat\u00e9gia funciona e muito mais.","og_url":"https:\/\/fcamara.com\/blog\/social-commerce-deve-crescer-3x-mais-rapido-do-que-e-commerce\/","og_site_name":"Blog da FCamara","article_published_time":"2023-02-27T19:03:42+00:00","article_modified_time":"2023-02-28T17:36:52+00:00","og_image":[{"width":2500,"height":1459,"url":"https:\/\/fcamara.com\/blog\/wp-content\/uploads\/2023\/02\/social-commerce-blog.png","type":"image\/png"}],"author":"FCamara","twitter_card":"summary_large_image","twitter_misc":{"Escrito por":"FCamara","Est. tempo de leitura":"5 minutos"},"schema":{"@context":"https:\/\/schema.org","@graph":[{"@type":"Article","@id":"https:\/\/fcamara.com\/blog\/social-commerce-deve-crescer-3x-mais-rapido-do-que-e-commerce\/#article","isPartOf":{"@id":"https:\/\/fcamara.com\/blog\/social-commerce-deve-crescer-3x-mais-rapido-do-que-e-commerce\/"},"author":{"name":"FCamara","@id":"https:\/\/fcamara.com\/blog\/#\/schema\/person\/31fd30b4025f857a93de804f3d73851a"},"headline":"Social commerce deve crescer 3x mais r\u00e1pido do que e-commerce","datePublished":"2023-02-27T19:03:42+00:00","dateModified":"2023-02-28T17:36:52+00:00","mainEntityOfPage":{"@id":"https:\/\/fcamara.com\/blog\/social-commerce-deve-crescer-3x-mais-rapido-do-que-e-commerce\/"},"wordCount":809,"commentCount":0,"publisher":{"@id":"https:\/\/fcamara.com\/blog\/#organization"},"image":{"@id":"https:\/\/fcamara.com\/blog\/social-commerce-deve-crescer-3x-mais-rapido-do-que-e-commerce\/#primaryimage"},"thumbnailUrl":"https:\/\/fcamara.com\/blog\/wp-content\/uploads\/2023\/02\/social-commerce-blog.png","keywords":["social commerce"],"articleSection":["E-commerce &amp; Marketplace","Varejo"],"inLanguage":"pt-BR","potentialAction":[{"@type":"CommentAction","name":"Comment","target":["https:\/\/fcamara.com\/blog\/social-commerce-deve-crescer-3x-mais-rapido-do-que-e-commerce\/#respond"]}]},{"@type":"WebPage","@id":"https:\/\/fcamara.com\/blog\/social-commerce-deve-crescer-3x-mais-rapido-do-que-e-commerce\/","url":"https:\/\/fcamara.com\/blog\/social-commerce-deve-crescer-3x-mais-rapido-do-que-e-commerce\/","name":"Social commerce deve crescer 3x mais r\u00e1pido do que e-commerce","isPartOf":{"@id":"https:\/\/fcamara.com\/blog\/#website"},"primaryImageOfPage":{"@id":"https:\/\/fcamara.com\/blog\/social-commerce-deve-crescer-3x-mais-rapido-do-que-e-commerce\/#primaryimage"},"image":{"@id":"https:\/\/fcamara.com\/blog\/social-commerce-deve-crescer-3x-mais-rapido-do-que-e-commerce\/#primaryimage"},"thumbnailUrl":"https:\/\/fcamara.com\/blog\/wp-content\/uploads\/2023\/02\/social-commerce-blog.png","datePublished":"2023-02-27T19:03:42+00:00","dateModified":"2023-02-28T17:36:52+00:00","description":"Estudo indica que o social commerce deve crescer 3x mais r\u00e1pido do que e-commerce. Entenda como a estrat\u00e9gia funciona e muito mais.","breadcrumb":{"@id":"https:\/\/fcamara.com\/blog\/social-commerce-deve-crescer-3x-mais-rapido-do-que-e-commerce\/#breadcrumb"},"inLanguage":"pt-BR","potentialAction":[{"@type":"ReadAction","target":["https:\/\/fcamara.com\/blog\/social-commerce-deve-crescer-3x-mais-rapido-do-que-e-commerce\/"]}]},{"@type":"ImageObject","inLanguage":"pt-BR","@id":"https:\/\/fcamara.com\/blog\/social-commerce-deve-crescer-3x-mais-rapido-do-que-e-commerce\/#primaryimage","url":"https:\/\/fcamara.com\/blog\/wp-content\/uploads\/2023\/02\/social-commerce-blog.png","contentUrl":"https:\/\/fcamara.com\/blog\/wp-content\/uploads\/2023\/02\/social-commerce-blog.png","width":2500,"height":1459,"caption":"Imagem com a foto de uma mulher sentada em um sof\u00e1, mostrando um blush de rosto, enquanto olha para uma c\u00e2mara, com o texto \u201cSocial commerce deve crescer 3x mais r\u00e1pido do que e-commerce\u201d."},{"@type":"BreadcrumbList","@id":"https:\/\/fcamara.com\/blog\/social-commerce-deve-crescer-3x-mais-rapido-do-que-e-commerce\/#breadcrumb","itemListElement":[{"@type":"ListItem","position":1,"name":"In\u00edcio","item":"https:\/\/fcamara.com\/blog\/"},{"@type":"ListItem","position":2,"name":"E-commerce &amp; Marketplace","item":"https:\/\/fcamara.com\/blog\/categoria\/ecommerce-e-marketplace\/"},{"@type":"ListItem","position":3,"name":"Social commerce deve crescer 3x mais r\u00e1pido do que e-commerce"}]},{"@type":"WebSite","@id":"https:\/\/fcamara.com\/blog\/#website","url":"https:\/\/fcamara.com\/blog\/","name":"Blog da FCamara","description":"Esta \u00e9 a \u00e1rea de insights sobre o mercado de tecnologia.","publisher":{"@id":"https:\/\/fcamara.com\/blog\/#organization"},"potentialAction":[{"@type":"SearchAction","target":{"@type":"EntryPoint","urlTemplate":"https:\/\/fcamara.com\/blog\/?s={search_term_string}"},"query-input":{"@type":"PropertyValueSpecification","valueRequired":true,"valueName":"search_term_string"}}],"inLanguage":"pt-BR"},{"@type":"Organization","@id":"https:\/\/fcamara.com\/blog\/#organization","name":"Blog da FCamara","url":"https:\/\/fcamara.com\/blog\/","logo":{"@type":"ImageObject","inLanguage":"pt-BR","@id":"https:\/\/fcamara.com\/blog\/#\/schema\/logo\/image\/","url":"https:\/\/fcamara.com\/blog\/wp-content\/uploads\/2024\/07\/FCamara-Blog-laranja.webp","contentUrl":"https:\/\/fcamara.com\/blog\/wp-content\/uploads\/2024\/07\/FCamara-Blog-laranja.webp","width":459,"height":68,"caption":"Blog da FCamara"},"image":{"@id":"https:\/\/fcamara.com\/blog\/#\/schema\/logo\/image\/"}},{"@type":"Person","@id":"https:\/\/fcamara.com\/blog\/#\/schema\/person\/31fd30b4025f857a93de804f3d73851a","name":"FCamara","image":{"@type":"ImageObject","inLanguage":"pt-BR","@id":"https:\/\/secure.gravatar.com\/avatar\/a5d9fbf0e0a80749615937585a2bf0463473729433b0db26ec6eabac55ae3d20?s=96&d=mm&r=g","url":"https:\/\/secure.gravatar.com\/avatar\/a5d9fbf0e0a80749615937585a2bf0463473729433b0db26ec6eabac55ae3d20?s=96&d=mm&r=g","contentUrl":"https:\/\/secure.gravatar.com\/avatar\/a5d9fbf0e0a80749615937585a2bf0463473729433b0db26ec6eabac55ae3d20?s=96&d=mm&r=g","caption":"FCamara"},"sameAs":["https:\/\/fcamara.com\/","https:\/\/www.instagram.com\/grupo.fcamara\/","https:\/\/www.linkedin.com\/company\/grupofcamara\/"],"url":"https:\/\/fcamara.com\/blog\/author\/fcamara\/"}]}},"lang":"br","translations":{"br":6327},"pll_sync_post":[],"_links":{"self":[{"href":"https:\/\/fcamara.com\/blog\/wp-json\/wp\/v2\/posts\/6327","targetHints":{"allow":["GET"]}}],"collection":[{"href":"https:\/\/fcamara.com\/blog\/wp-json\/wp\/v2\/posts"}],"about":[{"href":"https:\/\/fcamara.com\/blog\/wp-json\/wp\/v2\/types\/post"}],"author":[{"embeddable":true,"href":"https:\/\/fcamara.com\/blog\/wp-json\/wp\/v2\/users\/2"}],"replies":[{"embeddable":true,"href":"https:\/\/fcamara.com\/blog\/wp-json\/wp\/v2\/comments?post=6327"}],"version-history":[{"count":3,"href":"https:\/\/fcamara.com\/blog\/wp-json\/wp\/v2\/posts\/6327\/revisions"}],"predecessor-version":[{"id":6349,"href":"https:\/\/fcamara.com\/blog\/wp-json\/wp\/v2\/posts\/6327\/revisions\/6349"}],"wp:featuredmedia":[{"embeddable":true,"href":"https:\/\/fcamara.com\/blog\/wp-json\/wp\/v2\/media\/6341"}],"wp:attachment":[{"href":"https:\/\/fcamara.com\/blog\/wp-json\/wp\/v2\/media?parent=6327"}],"wp:term":[{"taxonomy":"category","embeddable":true,"href":"https:\/\/fcamara.com\/blog\/wp-json\/wp\/v2\/categories?post=6327"},{"taxonomy":"post_tag","embeddable":true,"href":"https:\/\/fcamara.com\/blog\/wp-json\/wp\/v2\/tags?post=6327"},{"taxonomy":"post_series","embeddable":true,"href":"https:\/\/fcamara.com\/blog\/wp-json\/wp\/v2\/post_series?post=6327"}],"curies":[{"name":"wp","href":"https:\/\/api.w.org\/{rel}","templated":true}]}}