{"id":772,"date":"2016-10-21T17:12:52","date_gmt":"2016-10-21T20:12:52","guid":{"rendered":"http:\/\/blog.fcamara.com.br\/?p=772"},"modified":"2022-12-05T11:21:21","modified_gmt":"2022-12-05T14:21:21","slug":"aprenda-como-fazer-migracao-para-nuvem","status":"publish","type":"post","link":"https:\/\/fcamara.com\/blog\/aprenda-como-fazer-migracao-para-nuvem\/","title":{"rendered":"Aprenda como fazer migra\u00e7\u00e3o para nuvem"},"content":{"rendered":"<p>O processo de <a href=\"https:\/\/blog.fcamara.com.br\/\/migracao-para-nuvem-5-erros-que-voce-precisa-evitar\/?utm_source=blog&amp;utm_campaign=rc_blogpost\"><u>migra\u00e7\u00e3o para nuvem<\/u><\/a> necessita de alguns cuidados espec\u00edficos. E isso tanto por parte da empresa que far\u00e1 a transi\u00e7\u00e3o quanto dos <a href=\"https:\/\/blog.fcamara.com.br\/\/qual-o-papel-do-profissional-de-ti-na-gestao-da-internet-das-coisas\/?utm_source=blog&amp;utm_campaign=rc_blogpost\"><u>profissionais de TI<\/u><\/a> que ir\u00e3o realizar o trabalho.<\/p>\n<p>Neste artigo, vamos refletir um pouco sobre os cuidados que voc\u00ea deve ter ao migrar para a nuvem, a fim de evitar problemas e extrair os melhores resultados. Acompanhe!<\/p>\n<h2>O que \u00e9, afinal, a migra\u00e7\u00e3o para nuvem?<\/h2>\n<p>A migra\u00e7\u00e3o \u00e9 o processo de transi\u00e7\u00e3o do modelo tradicional de computa\u00e7\u00e3o para a computa\u00e7\u00e3o em nuvem. Ao deixar de possuir um software como licen\u00e7a, por exemplo, e adotar o modelo SaaS (software como servi\u00e7o), o processo de transi\u00e7\u00e3o \u00e9 chamado de migra\u00e7\u00e3o.<\/p>\n<p>E a migra\u00e7\u00e3o para nuvem deve ser vista tanto do ponto de vista t\u00e9cnico quanto pr\u00e1tico. Ou seja, al\u00e9m de pensar em como as tecnologias e as infraestruturas ser\u00e3o modificadas, \u00e9 preciso que tanto a equipe de TI da empresa quanto os usu\u00e1rios sejam preparados para a mudan\u00e7a.<\/p>\n<h2>Quais cuidados precisam ser tomados na migra\u00e7\u00e3o para nuvem?<\/h2>\n<p>Veja, a seguir, os principais cuidados que todo gestor de TI deve tomar ao realizar um projeto de migra\u00e7\u00e3o para a nuvem:<\/p>\n<h3>Fa\u00e7a um bom planejamento<\/h3>\n<p>De acordo com um <a href=\"http:\/\/computerworld.com.br\/69-das-empresas-ainda-nao-possui-estrategias-maduras-de-nuvem?utm_source=blog&amp;utm_campaign=rc_blogpost\"><u>estudo da Cisco<\/u><\/a>, 69% das empresas em todo o mundo n\u00e3o t\u00eam uma estrat\u00e9gia madura para a nuvem. E isso, indica a gigante da tecnologia, resulta em dificuldades para os neg\u00f3cios.<\/p>\n<p>A facilidade com que se adquire solu\u00e7\u00f5es e servi\u00e7os hoje no mercado talvez explique este fen\u00f4meno. No entanto, o planejamento \u00e9 essencial por algumas raz\u00f5es bem nobres:<\/p>\n<ul>\n<li>Garantir o alinhamento entre a solu\u00e7\u00e3o em nuvem e as demandas do neg\u00f3cio;<\/li>\n<li>Evitar que o processo de mudan\u00e7a traga dificuldades \u00e0 opera\u00e7\u00e3o da empresa;<\/li>\n<li>Driblar as resist\u00eancias dos usu\u00e1rios ao novo modelo de computa\u00e7\u00e3o;<\/li>\n<li>Evitar o aumento de <a href=\"https:\/\/blog.fcamara.com.br\/\/pos-venda-como-reduzir-custos-e-ter-melhores-resultados-usando-bi\/?utm_source=blog&amp;utm_campaign=rc_blogpost\"><u>custos<\/u><\/a> com reparos e corre\u00e7\u00f5es que possam surgir;<\/li>\n<li>Firmar parceria com um fornecedor que atenda \u00e0s necessidades espec\u00edficas do neg\u00f3cio.<\/li>\n<\/ul>\n<h3>Fa\u00e7a a integra\u00e7\u00e3o por etapas<\/h3>\n<p>A integra\u00e7\u00e3o da <a href=\"https:\/\/blog.fcamara.com.br\/\/5-erros-cometidos-pelas-empresas-ao-implantar-infraestrutura-de-ti\/?utm_source=blog&amp;utm_campaign=rc_blogpost\"><u>infraestrutura<\/u><\/a> do modelo tradicional com a nuvem requer uma certa dose de paci\u00eancia. Do contr\u00e1rio, podem surgir problemas e os riscos, principalmente de seguran\u00e7a, se potencializam.<\/p>\n<p>In\u00fameros especialistas indicam, portanto, que o processo de migra\u00e7\u00e3o para nuvem seja feito por etapas. Isso evita, por exemplo, que funcionalidades de um sistema no modelo SaaS sejam perdidas, ou que os usu\u00e1rios n\u00e3o utilizem 100% das vantagens adquiridas com a nuvem.<\/p>\n<p>A integra\u00e7\u00e3o gradual tamb\u00e9m ajuda o diretor de TI a se certificar de que os adaptadores de infraestrutura s\u00e3o eficientes e, assim, garantir que os sistemas funcionem perfeitamente.<\/p>\n<h3>Prepare a equipe para a mudan\u00e7a<\/h3>\n<p>Qualquer modifica\u00e7\u00e3o na TI corporativa requer uma boa gest\u00e3o da mudan\u00e7a. N\u00e3o \u00e9 diferente quando se trata da migra\u00e7\u00e3o para nuvem. Ao contr\u00e1rio do discurso recorrente entre os provedores, n\u00e3o basta virar uma chave.<\/p>\n<p>As pessoas precisam compreender as novas formas de utiliza\u00e7\u00e3o da tecnologia, saber quais s\u00e3o os riscos de seguran\u00e7a, conhecer suas responsabilidades e, sobretudo, se engajar com a novidade.<\/p>\n<p>Em outras palavras, o pessoal de TI precisa entender todos os detalhes t\u00e9cnicos e os usu\u00e1rios t\u00eam que compreender todas as potencialidades da computa\u00e7\u00e3o em nuvem. Assim, as resist\u00eancias e os erros v\u00e3o diminuir e os resultados ser\u00e3o mais satisfat\u00f3rios para todos.<\/p>\n<h3>Garanta que o servidor escolhido \u00e9 100% seguro<\/h3>\n<p>Por fim, um ponto muito importante: ao fazer a migra\u00e7\u00e3o para nuvem, confira se o servidor escolhido manter\u00e1 os dados corporativos seguros.<\/p>\n<p>Como o modelo virtualizado n\u00e3o est\u00e1, digamos, ao alcance dos olhos da equipe interna de TI, \u00e9 importante saber quais s\u00e3o as pr\u00e1ticas do provedor de servi\u00e7os de nuvem e entender quais s\u00e3o as metodologias empregadas. Uma forma de fazer isso \u00e9 verificar as certifica\u00e7\u00f5es do fornecedor e ver se as pr\u00e1ticas que ele utiliza s\u00e3o testadas e aprovadas internacionalmente.<\/p>\n<p>Voc\u00ea tem um projeto de migra\u00e7\u00e3o para nuvem?<a href=\"http:\/\/www.fcnuvem.com.br\/?utm_source=CTA%20BLOG&amp;utm_campaign=FCNUVEM-BLOG-POST\"> <u>Fale com a FC Nuvem!<\/u><\/a><\/p>\n<p><a href=\"http:\/\/www.fcnuvem.com.br\/?utm_source=CTA%20BLOG&amp;utm_campaign=FCNUVEM-BLOG-POST\" target=\"_blank\" rel=\"noopener noreferrer\"><img loading=\"lazy\" decoding=\"async\" class=\"aligncenter wp-image-1515 size-full\" title=\"migra\u00e7\u00e3o para a nuvem\" src=\"https:\/\/blog.fcamara.com.br\/wp-content\/uploads\/2016\/10\/1.png\" alt=\"migra\u00e7\u00e3o para a nuvem\" width=\"770\" height=\"207\" srcset=\"https:\/\/fcamara.com\/blog\/wp-content\/uploads\/2016\/10\/1.png 770w, https:\/\/fcamara.com\/blog\/wp-content\/uploads\/2016\/10\/1-300x81.png 300w, https:\/\/fcamara.com\/blog\/wp-content\/uploads\/2016\/10\/1-768x206.png 768w\" sizes=\"auto, (max-width: 770px) 100vw, 770px\" \/><\/a><\/p>\n","protected":false},"excerpt":{"rendered":"<p>O processo de migra\u00e7\u00e3o para nuvem necessita de alguns cuidados espec\u00edficos. E isso tanto por parte da empresa que far\u00e1 a transi\u00e7\u00e3o quanto dos profissionais de TI que ir\u00e3o realizar o trabalho. Neste artigo, vamos refletir um pouco sobre os cuidados que voc\u00ea deve ter ao migrar para a nuvem, a fim de evitar problemas&hellip;<\/p>\n","protected":false},"author":2,"featured_media":774,"comment_status":"open","ping_status":"open","sticky":false,"template":"","format":"standard","meta":{"footnotes":""},"categories":[349],"tags":[],"post_series":[],"class_list":["post-772","post","type-post","status-publish","format-standard","has-post-thumbnail","hentry","category-varejo","entry","has-media"],"yoast_head":"<!-- This site is optimized with the Yoast SEO plugin v27.2 - https:\/\/yoast.com\/product\/yoast-seo-wordpress\/ -->\n<title>Aprenda como fazer migra\u00e7\u00e3o para nuvem - Blog FCamara<\/title>\n<meta name=\"description\" content=\"Muitas empresas est\u00e3o fazendo a migra\u00e7\u00e3o para a nuvem devido a suas diversas vantagens. Aprenda agora como fazer migra\u00e7\u00e3o para nuvem na sua empresa!\" \/>\n<meta name=\"robots\" content=\"index, follow, max-snippet:-1, max-image-preview:large, max-video-preview:-1\" \/>\n<link rel=\"canonical\" href=\"https:\/\/fcamara.com\/blog\/aprenda-como-fazer-migracao-para-nuvem\/\" \/>\n<meta property=\"og:locale\" content=\"pt_BR\" \/>\n<meta property=\"og:type\" content=\"article\" \/>\n<meta property=\"og:title\" content=\"Aprenda como fazer migra\u00e7\u00e3o para nuvem - Blog FCamara\" \/>\n<meta property=\"og:description\" content=\"Muitas empresas est\u00e3o fazendo a migra\u00e7\u00e3o para a nuvem devido a suas diversas vantagens. Aprenda agora como fazer migra\u00e7\u00e3o para nuvem na sua empresa!\" \/>\n<meta property=\"og:url\" content=\"https:\/\/fcamara.com\/blog\/aprenda-como-fazer-migracao-para-nuvem\/\" \/>\n<meta property=\"og:site_name\" content=\"Blog da FCamara\" \/>\n<meta property=\"article:published_time\" content=\"2016-10-21T20:12:52+00:00\" \/>\n<meta property=\"article:modified_time\" content=\"2022-12-05T14:21:21+00:00\" \/>\n<meta property=\"og:image\" content=\"https:\/\/fcamara.com\/blog\/wp-content\/uploads\/2016\/10\/migracao-para-nuvem-saiba-quais-cuidados-precisam-ser-tomados.jpeg\" \/>\n\t<meta property=\"og:image:width\" content=\"1000\" \/>\n\t<meta property=\"og:image:height\" content=\"500\" \/>\n\t<meta property=\"og:image:type\" content=\"image\/jpeg\" \/>\n<meta name=\"author\" content=\"FCamara\" \/>\n<meta name=\"twitter:card\" content=\"summary_large_image\" \/>\n<meta name=\"twitter:label1\" content=\"Escrito por\" \/>\n\t<meta name=\"twitter:data1\" content=\"FCamara\" \/>\n\t<meta name=\"twitter:label2\" content=\"Est. tempo de leitura\" \/>\n\t<meta name=\"twitter:data2\" content=\"4 minutos\" \/>\n<script type=\"application\/ld+json\" class=\"yoast-schema-graph\">{\"@context\":\"https:\/\/schema.org\",\"@graph\":[{\"@type\":\"Article\",\"@id\":\"https:\/\/fcamara.com\/blog\/aprenda-como-fazer-migracao-para-nuvem\/#article\",\"isPartOf\":{\"@id\":\"https:\/\/fcamara.com\/blog\/aprenda-como-fazer-migracao-para-nuvem\/\"},\"author\":{\"name\":\"FCamara\",\"@id\":\"https:\/\/fcamara.com\/blog\/#\/schema\/person\/31fd30b4025f857a93de804f3d73851a\"},\"headline\":\"Aprenda como fazer migra\u00e7\u00e3o para nuvem\",\"datePublished\":\"2016-10-21T20:12:52+00:00\",\"dateModified\":\"2022-12-05T14:21:21+00:00\",\"mainEntityOfPage\":{\"@id\":\"https:\/\/fcamara.com\/blog\/aprenda-como-fazer-migracao-para-nuvem\/\"},\"wordCount\":710,\"commentCount\":0,\"publisher\":{\"@id\":\"https:\/\/fcamara.com\/blog\/#organization\"},\"image\":{\"@id\":\"https:\/\/fcamara.com\/blog\/aprenda-como-fazer-migracao-para-nuvem\/#primaryimage\"},\"thumbnailUrl\":\"https:\/\/fcamara.com\/blog\/wp-content\/uploads\/2016\/10\/migracao-para-nuvem-saiba-quais-cuidados-precisam-ser-tomados.jpeg\",\"articleSection\":[\"Varejo\"],\"inLanguage\":\"pt-BR\",\"potentialAction\":[{\"@type\":\"CommentAction\",\"name\":\"Comment\",\"target\":[\"https:\/\/fcamara.com\/blog\/aprenda-como-fazer-migracao-para-nuvem\/#respond\"]}]},{\"@type\":\"WebPage\",\"@id\":\"https:\/\/fcamara.com\/blog\/aprenda-como-fazer-migracao-para-nuvem\/\",\"url\":\"https:\/\/fcamara.com\/blog\/aprenda-como-fazer-migracao-para-nuvem\/\",\"name\":\"Aprenda como fazer migra\u00e7\u00e3o para nuvem - Blog FCamara\",\"isPartOf\":{\"@id\":\"https:\/\/fcamara.com\/blog\/#website\"},\"primaryImageOfPage\":{\"@id\":\"https:\/\/fcamara.com\/blog\/aprenda-como-fazer-migracao-para-nuvem\/#primaryimage\"},\"image\":{\"@id\":\"https:\/\/fcamara.com\/blog\/aprenda-como-fazer-migracao-para-nuvem\/#primaryimage\"},\"thumbnailUrl\":\"https:\/\/fcamara.com\/blog\/wp-content\/uploads\/2016\/10\/migracao-para-nuvem-saiba-quais-cuidados-precisam-ser-tomados.jpeg\",\"datePublished\":\"2016-10-21T20:12:52+00:00\",\"dateModified\":\"2022-12-05T14:21:21+00:00\",\"description\":\"Muitas empresas est\u00e3o fazendo a migra\u00e7\u00e3o para a nuvem devido a suas diversas vantagens. Aprenda agora como fazer migra\u00e7\u00e3o para nuvem na sua empresa!\",\"breadcrumb\":{\"@id\":\"https:\/\/fcamara.com\/blog\/aprenda-como-fazer-migracao-para-nuvem\/#breadcrumb\"},\"inLanguage\":\"pt-BR\",\"potentialAction\":[{\"@type\":\"ReadAction\",\"target\":[\"https:\/\/fcamara.com\/blog\/aprenda-como-fazer-migracao-para-nuvem\/\"]}]},{\"@type\":\"ImageObject\",\"inLanguage\":\"pt-BR\",\"@id\":\"https:\/\/fcamara.com\/blog\/aprenda-como-fazer-migracao-para-nuvem\/#primaryimage\",\"url\":\"https:\/\/fcamara.com\/blog\/wp-content\/uploads\/2016\/10\/migracao-para-nuvem-saiba-quais-cuidados-precisam-ser-tomados.jpeg\",\"contentUrl\":\"https:\/\/fcamara.com\/blog\/wp-content\/uploads\/2016\/10\/migracao-para-nuvem-saiba-quais-cuidados-precisam-ser-tomados.jpeg\",\"width\":1000,\"height\":500,\"caption\":\"Como fazer migra\u00e7\u00e3o para nuvem\"},{\"@type\":\"BreadcrumbList\",\"@id\":\"https:\/\/fcamara.com\/blog\/aprenda-como-fazer-migracao-para-nuvem\/#breadcrumb\",\"itemListElement\":[{\"@type\":\"ListItem\",\"position\":1,\"name\":\"In\u00edcio\",\"item\":\"https:\/\/fcamara.com\/blog\/\"},{\"@type\":\"ListItem\",\"position\":2,\"name\":\"Varejo\",\"item\":\"https:\/\/fcamara.com\/blog\/categoria\/varejo\/\"},{\"@type\":\"ListItem\",\"position\":3,\"name\":\"Aprenda como fazer migra\u00e7\u00e3o para nuvem\"}]},{\"@type\":\"WebSite\",\"@id\":\"https:\/\/fcamara.com\/blog\/#website\",\"url\":\"https:\/\/fcamara.com\/blog\/\",\"name\":\"Blog da FCamara\",\"description\":\"Esta \u00e9 a \u00e1rea de insights sobre o mercado de tecnologia.\",\"publisher\":{\"@id\":\"https:\/\/fcamara.com\/blog\/#organization\"},\"potentialAction\":[{\"@type\":\"SearchAction\",\"target\":{\"@type\":\"EntryPoint\",\"urlTemplate\":\"https:\/\/fcamara.com\/blog\/?s={search_term_string}\"},\"query-input\":{\"@type\":\"PropertyValueSpecification\",\"valueRequired\":true,\"valueName\":\"search_term_string\"}}],\"inLanguage\":\"pt-BR\"},{\"@type\":\"Organization\",\"@id\":\"https:\/\/fcamara.com\/blog\/#organization\",\"name\":\"Blog da FCamara\",\"url\":\"https:\/\/fcamara.com\/blog\/\",\"logo\":{\"@type\":\"ImageObject\",\"inLanguage\":\"pt-BR\",\"@id\":\"https:\/\/fcamara.com\/blog\/#\/schema\/logo\/image\/\",\"url\":\"https:\/\/fcamara.com\/blog\/wp-content\/uploads\/2024\/07\/FCamara-Blog-laranja.webp\",\"contentUrl\":\"https:\/\/fcamara.com\/blog\/wp-content\/uploads\/2024\/07\/FCamara-Blog-laranja.webp\",\"width\":459,\"height\":68,\"caption\":\"Blog da FCamara\"},\"image\":{\"@id\":\"https:\/\/fcamara.com\/blog\/#\/schema\/logo\/image\/\"}},{\"@type\":\"Person\",\"@id\":\"https:\/\/fcamara.com\/blog\/#\/schema\/person\/31fd30b4025f857a93de804f3d73851a\",\"name\":\"FCamara\",\"image\":{\"@type\":\"ImageObject\",\"inLanguage\":\"pt-BR\",\"@id\":\"https:\/\/secure.gravatar.com\/avatar\/a5d9fbf0e0a80749615937585a2bf0463473729433b0db26ec6eabac55ae3d20?s=96&d=mm&r=g\",\"url\":\"https:\/\/secure.gravatar.com\/avatar\/a5d9fbf0e0a80749615937585a2bf0463473729433b0db26ec6eabac55ae3d20?s=96&d=mm&r=g\",\"contentUrl\":\"https:\/\/secure.gravatar.com\/avatar\/a5d9fbf0e0a80749615937585a2bf0463473729433b0db26ec6eabac55ae3d20?s=96&d=mm&r=g\",\"caption\":\"FCamara\"},\"sameAs\":[\"https:\/\/fcamara.com\/\",\"https:\/\/www.instagram.com\/grupo.fcamara\/\",\"https:\/\/www.linkedin.com\/company\/grupofcamara\/\"],\"url\":\"https:\/\/fcamara.com\/blog\/author\/fcamara\/\"}]}<\/script>\n<!-- \/ Yoast SEO plugin. -->","yoast_head_json":{"title":"Aprenda como fazer migra\u00e7\u00e3o para nuvem - Blog FCamara","description":"Muitas empresas est\u00e3o fazendo a migra\u00e7\u00e3o para a nuvem devido a suas diversas vantagens. Aprenda agora como fazer migra\u00e7\u00e3o para nuvem na sua empresa!","robots":{"index":"index","follow":"follow","max-snippet":"max-snippet:-1","max-image-preview":"max-image-preview:large","max-video-preview":"max-video-preview:-1"},"canonical":"https:\/\/fcamara.com\/blog\/aprenda-como-fazer-migracao-para-nuvem\/","og_locale":"pt_BR","og_type":"article","og_title":"Aprenda como fazer migra\u00e7\u00e3o para nuvem - Blog FCamara","og_description":"Muitas empresas est\u00e3o fazendo a migra\u00e7\u00e3o para a nuvem devido a suas diversas vantagens. Aprenda agora como fazer migra\u00e7\u00e3o para nuvem na sua empresa!","og_url":"https:\/\/fcamara.com\/blog\/aprenda-como-fazer-migracao-para-nuvem\/","og_site_name":"Blog da FCamara","article_published_time":"2016-10-21T20:12:52+00:00","article_modified_time":"2022-12-05T14:21:21+00:00","og_image":[{"width":1000,"height":500,"url":"https:\/\/fcamara.com\/blog\/wp-content\/uploads\/2016\/10\/migracao-para-nuvem-saiba-quais-cuidados-precisam-ser-tomados.jpeg","type":"image\/jpeg"}],"author":"FCamara","twitter_card":"summary_large_image","twitter_misc":{"Escrito por":"FCamara","Est. tempo de leitura":"4 minutos"},"schema":{"@context":"https:\/\/schema.org","@graph":[{"@type":"Article","@id":"https:\/\/fcamara.com\/blog\/aprenda-como-fazer-migracao-para-nuvem\/#article","isPartOf":{"@id":"https:\/\/fcamara.com\/blog\/aprenda-como-fazer-migracao-para-nuvem\/"},"author":{"name":"FCamara","@id":"https:\/\/fcamara.com\/blog\/#\/schema\/person\/31fd30b4025f857a93de804f3d73851a"},"headline":"Aprenda como fazer migra\u00e7\u00e3o para nuvem","datePublished":"2016-10-21T20:12:52+00:00","dateModified":"2022-12-05T14:21:21+00:00","mainEntityOfPage":{"@id":"https:\/\/fcamara.com\/blog\/aprenda-como-fazer-migracao-para-nuvem\/"},"wordCount":710,"commentCount":0,"publisher":{"@id":"https:\/\/fcamara.com\/blog\/#organization"},"image":{"@id":"https:\/\/fcamara.com\/blog\/aprenda-como-fazer-migracao-para-nuvem\/#primaryimage"},"thumbnailUrl":"https:\/\/fcamara.com\/blog\/wp-content\/uploads\/2016\/10\/migracao-para-nuvem-saiba-quais-cuidados-precisam-ser-tomados.jpeg","articleSection":["Varejo"],"inLanguage":"pt-BR","potentialAction":[{"@type":"CommentAction","name":"Comment","target":["https:\/\/fcamara.com\/blog\/aprenda-como-fazer-migracao-para-nuvem\/#respond"]}]},{"@type":"WebPage","@id":"https:\/\/fcamara.com\/blog\/aprenda-como-fazer-migracao-para-nuvem\/","url":"https:\/\/fcamara.com\/blog\/aprenda-como-fazer-migracao-para-nuvem\/","name":"Aprenda como fazer migra\u00e7\u00e3o para nuvem - Blog FCamara","isPartOf":{"@id":"https:\/\/fcamara.com\/blog\/#website"},"primaryImageOfPage":{"@id":"https:\/\/fcamara.com\/blog\/aprenda-como-fazer-migracao-para-nuvem\/#primaryimage"},"image":{"@id":"https:\/\/fcamara.com\/blog\/aprenda-como-fazer-migracao-para-nuvem\/#primaryimage"},"thumbnailUrl":"https:\/\/fcamara.com\/blog\/wp-content\/uploads\/2016\/10\/migracao-para-nuvem-saiba-quais-cuidados-precisam-ser-tomados.jpeg","datePublished":"2016-10-21T20:12:52+00:00","dateModified":"2022-12-05T14:21:21+00:00","description":"Muitas empresas est\u00e3o fazendo a migra\u00e7\u00e3o para a nuvem devido a suas diversas vantagens. Aprenda agora como fazer migra\u00e7\u00e3o para nuvem na sua empresa!","breadcrumb":{"@id":"https:\/\/fcamara.com\/blog\/aprenda-como-fazer-migracao-para-nuvem\/#breadcrumb"},"inLanguage":"pt-BR","potentialAction":[{"@type":"ReadAction","target":["https:\/\/fcamara.com\/blog\/aprenda-como-fazer-migracao-para-nuvem\/"]}]},{"@type":"ImageObject","inLanguage":"pt-BR","@id":"https:\/\/fcamara.com\/blog\/aprenda-como-fazer-migracao-para-nuvem\/#primaryimage","url":"https:\/\/fcamara.com\/blog\/wp-content\/uploads\/2016\/10\/migracao-para-nuvem-saiba-quais-cuidados-precisam-ser-tomados.jpeg","contentUrl":"https:\/\/fcamara.com\/blog\/wp-content\/uploads\/2016\/10\/migracao-para-nuvem-saiba-quais-cuidados-precisam-ser-tomados.jpeg","width":1000,"height":500,"caption":"Como fazer migra\u00e7\u00e3o para nuvem"},{"@type":"BreadcrumbList","@id":"https:\/\/fcamara.com\/blog\/aprenda-como-fazer-migracao-para-nuvem\/#breadcrumb","itemListElement":[{"@type":"ListItem","position":1,"name":"In\u00edcio","item":"https:\/\/fcamara.com\/blog\/"},{"@type":"ListItem","position":2,"name":"Varejo","item":"https:\/\/fcamara.com\/blog\/categoria\/varejo\/"},{"@type":"ListItem","position":3,"name":"Aprenda como fazer migra\u00e7\u00e3o para nuvem"}]},{"@type":"WebSite","@id":"https:\/\/fcamara.com\/blog\/#website","url":"https:\/\/fcamara.com\/blog\/","name":"Blog da FCamara","description":"Esta \u00e9 a \u00e1rea de insights sobre o mercado de tecnologia.","publisher":{"@id":"https:\/\/fcamara.com\/blog\/#organization"},"potentialAction":[{"@type":"SearchAction","target":{"@type":"EntryPoint","urlTemplate":"https:\/\/fcamara.com\/blog\/?s={search_term_string}"},"query-input":{"@type":"PropertyValueSpecification","valueRequired":true,"valueName":"search_term_string"}}],"inLanguage":"pt-BR"},{"@type":"Organization","@id":"https:\/\/fcamara.com\/blog\/#organization","name":"Blog da FCamara","url":"https:\/\/fcamara.com\/blog\/","logo":{"@type":"ImageObject","inLanguage":"pt-BR","@id":"https:\/\/fcamara.com\/blog\/#\/schema\/logo\/image\/","url":"https:\/\/fcamara.com\/blog\/wp-content\/uploads\/2024\/07\/FCamara-Blog-laranja.webp","contentUrl":"https:\/\/fcamara.com\/blog\/wp-content\/uploads\/2024\/07\/FCamara-Blog-laranja.webp","width":459,"height":68,"caption":"Blog da FCamara"},"image":{"@id":"https:\/\/fcamara.com\/blog\/#\/schema\/logo\/image\/"}},{"@type":"Person","@id":"https:\/\/fcamara.com\/blog\/#\/schema\/person\/31fd30b4025f857a93de804f3d73851a","name":"FCamara","image":{"@type":"ImageObject","inLanguage":"pt-BR","@id":"https:\/\/secure.gravatar.com\/avatar\/a5d9fbf0e0a80749615937585a2bf0463473729433b0db26ec6eabac55ae3d20?s=96&d=mm&r=g","url":"https:\/\/secure.gravatar.com\/avatar\/a5d9fbf0e0a80749615937585a2bf0463473729433b0db26ec6eabac55ae3d20?s=96&d=mm&r=g","contentUrl":"https:\/\/secure.gravatar.com\/avatar\/a5d9fbf0e0a80749615937585a2bf0463473729433b0db26ec6eabac55ae3d20?s=96&d=mm&r=g","caption":"FCamara"},"sameAs":["https:\/\/fcamara.com\/","https:\/\/www.instagram.com\/grupo.fcamara\/","https:\/\/www.linkedin.com\/company\/grupofcamara\/"],"url":"https:\/\/fcamara.com\/blog\/author\/fcamara\/"}]}},"lang":"br","translations":{"br":772},"pll_sync_post":[],"_links":{"self":[{"href":"https:\/\/fcamara.com\/blog\/wp-json\/wp\/v2\/posts\/772","targetHints":{"allow":["GET"]}}],"collection":[{"href":"https:\/\/fcamara.com\/blog\/wp-json\/wp\/v2\/posts"}],"about":[{"href":"https:\/\/fcamara.com\/blog\/wp-json\/wp\/v2\/types\/post"}],"author":[{"embeddable":true,"href":"https:\/\/fcamara.com\/blog\/wp-json\/wp\/v2\/users\/2"}],"replies":[{"embeddable":true,"href":"https:\/\/fcamara.com\/blog\/wp-json\/wp\/v2\/comments?post=772"}],"version-history":[{"count":1,"href":"https:\/\/fcamara.com\/blog\/wp-json\/wp\/v2\/posts\/772\/revisions"}],"predecessor-version":[{"id":5917,"href":"https:\/\/fcamara.com\/blog\/wp-json\/wp\/v2\/posts\/772\/revisions\/5917"}],"wp:featuredmedia":[{"embeddable":true,"href":"https:\/\/fcamara.com\/blog\/wp-json\/wp\/v2\/media\/774"}],"wp:attachment":[{"href":"https:\/\/fcamara.com\/blog\/wp-json\/wp\/v2\/media?parent=772"}],"wp:term":[{"taxonomy":"category","embeddable":true,"href":"https:\/\/fcamara.com\/blog\/wp-json\/wp\/v2\/categories?post=772"},{"taxonomy":"post_tag","embeddable":true,"href":"https:\/\/fcamara.com\/blog\/wp-json\/wp\/v2\/tags?post=772"},{"taxonomy":"post_series","embeddable":true,"href":"https:\/\/fcamara.com\/blog\/wp-json\/wp\/v2\/post_series?post=772"}],"curies":[{"name":"wp","href":"https:\/\/api.w.org\/{rel}","templated":true}]}}